{"id":46889,"date":"2023-05-08T15:30:23","date_gmt":"2023-05-08T18:30:23","guid":{"rendered":"https:\/\/www.paranapraia.com.br\/?p=46889"},"modified":"2023-05-08T15:30:24","modified_gmt":"2023-05-08T18:30:24","slug":"policia-investiga-caso-de-cabeca-arrancada-de-bebe-durante-o-parto","status":"publish","type":"post","link":"https:\/\/www.paranapraia.com.br\/index.php\/2023\/05\/08\/policia-investiga-caso-de-cabeca-arrancada-de-bebe-durante-o-parto\/","title":{"rendered":"Pol\u00edcia investiga caso de cabe\u00e7a arrancada de beb\u00ea durante o parto"},"content":{"rendered":"\n<p>A Pol\u00edcia Civil de Minas Gerais investiga a morte de uma beb\u00ea que foi decapitado no momento do parto no Hospital das Cl\u00ednicas, no bairro Santa Efig\u00eania, regi\u00e3o Centro-Sul de Belo Horizonte em Minas Gerais. A m\u00e3e estava gr\u00e1vida de apenas 28 semanas.<\/p>\n\n\n\n<p>Ranielly Coelho Santos, 34, deu entrada na unidade de sa\u00fade com press\u00e3o alta e incha\u00e7o no corpo, uma semana antes. Ela recebeu alta, mas precisou retornar na sexta-feira (28) pois os sintomas n\u00e3o melhoraram.<\/p>\n\n\n\n<p>A mulher, que j\u00e1 \u00e9 m\u00e3e de um menino, teve o parto induzido pela equipe m\u00e9dica. Ao BHAZ, Aline Fernandes, advogada da fam\u00edlia, conta que o feto tinha uma m\u00e1 forma\u00e7\u00e3o no pulm\u00e3o. Levando isso em conta, os profissionais avaliaram que ele corria risco de vida e por isso decidiram pelo parto prematuro.<\/p>\n\n\n\n<p>A mulher entrou no bloco cir\u00fargico \u00e0s 18h de domingo (30), sendo que o marido entrou na sala e a m\u00e3e dela ficou do lado de fora, acompanhando pelo vidro. Todo o procedimento s\u00f3 foi acabar na madrugada do dia seguinte, por volta das 3h.<\/p>\n\n\n\n<p>Em um determinado momento do trabalho de parto, ap\u00f3s fazer cortes, a m\u00e9dica teria subido nela para puxar a crian\u00e7a. Nesse momento, o beb\u00ea teria sido decapitado.<\/p>\n\n\n\n<p>O pai notou o ocorrido e se revoltou, sendo retirado da sala por profissionais que acompanhavam o parto. Aline conta que a m\u00e9dica deu uma anestesia geral em Ranielly, que acordou somente na enfermaria.<\/p>\n\n\n\n<h3 class=\"wp-block-heading\">Investiga\u00e7\u00e3o aberta<\/h3>\n\n\n\n<p>O resultado preliminar do laudo sai nesta segunda-feira (8), e a expectativa \u00e9 de que o corpo seja liberado ainda hoje. Ranielly, que levou ao menos 60 pontos, tamb\u00e9m fez exames periciais.<\/p>\n\n\n\n<p>Por meio de nota a&nbsp;Pol\u00edcia Civil informa que instaurou inqu\u00e9rito para apurar as causas e circunst\u00e2ncias do ocorrido.<\/p>\n\n\n\n<p>Leia a mat\u00e9ria completa, acesse:\u00a0<a href=\"https:\/\/bhaz.com.br\/noticias\/bh\/policia-civil-investiga-caso-bebe-decapitado-bh\/\">BHAZ<\/a><\/p>\n","protected":false},"excerpt":{"rendered":"<p>A Pol\u00edcia Civil de Minas Gerais investiga a morte de uma beb\u00ea que foi decapitado no momento do parto no Hospital das Cl\u00ednicas, no bairro Santa Efig\u00eania, regi\u00e3o Centro-Sul de Belo Horizonte em Minas Gerais. A m\u00e3e estava gr\u00e1vida de apenas 28 semanas. Ranielly Coelho Santos, 34, deu entrada na unidade de sa\u00fade com press\u00e3o [&hellip;]<\/p>\n","protected":false},"author":2,"featured_media":46890,"comment_status":"open","ping_status":"open","sticky":false,"template":"","format":"standard","meta":{"advanced_seo_description":"","jetpack_seo_html_title":"","jetpack_seo_noindex":false,"_jetpack_memberships_contains_paid_content":false,"footnotes":""},"categories":[33],"tags":[],"class_list":{"0":"post-46889","1":"post","2":"type-post","3":"status-publish","4":"format-standard","5":"has-post-thumbnail","7":"category-policia"},"jetpack_featured_media_url":"https:\/\/www.paranapraia.com.br\/wp-content\/uploads\/2023\/05\/WhatsApp-Image-2023-05-08-at-15.26.36.jpeg","jetpack_sharing_enabled":true,"_links":{"self":[{"href":"https:\/\/www.paranapraia.com.br\/index.php\/wp-json\/wp\/v2\/posts\/46889"}],"collection":[{"href":"https:\/\/www.paranapraia.com.br\/index.php\/wp-json\/wp\/v2\/posts"}],"about":[{"href":"https:\/\/www.paranapraia.com.br\/index.php\/wp-json\/wp\/v2\/types\/post"}],"author":[{"embeddable":true,"href":"https:\/\/www.paranapraia.com.br\/index.php\/wp-json\/wp\/v2\/users\/2"}],"replies":[{"embeddable":true,"href":"https:\/\/www.paranapraia.com.br\/index.php\/wp-json\/wp\/v2\/comments?post=46889"}],"version-history":[{"count":1,"href":"https:\/\/www.paranapraia.com.br\/index.php\/wp-json\/wp\/v2\/posts\/46889\/revisions"}],"predecessor-version":[{"id":46891,"href":"https:\/\/www.paranapraia.com.br\/index.php\/wp-json\/wp\/v2\/posts\/46889\/revisions\/46891"}],"wp:featuredmedia":[{"embeddable":true,"href":"https:\/\/www.paranapraia.com.br\/index.php\/wp-json\/wp\/v2\/media\/46890"}],"wp:attachment":[{"href":"https:\/\/www.paranapraia.com.br\/index.php\/wp-json\/wp\/v2\/media?parent=46889"}],"wp:term":[{"taxonomy":"category","embeddable":true,"href":"https:\/\/www.paranapraia.com.br\/index.php\/wp-json\/wp\/v2\/categories?post=46889"},{"taxonomy":"post_tag","embeddable":true,"href":"https:\/\/www.paranapraia.com.br\/index.php\/wp-json\/wp\/v2\/tags?post=46889"}],"curies":[{"name":"wp","href":"https:\/\/api.w.org\/{rel}","templated":true}]}}