{"id":46874,"date":"2023-05-08T15:06:24","date_gmt":"2023-05-08T18:06:24","guid":{"rendered":"https:\/\/www.paranapraia.com.br\/?p=46874"},"modified":"2023-05-08T15:06:24","modified_gmt":"2023-05-08T18:06:24","slug":"anibelli-quer-atendimento-prioritario-para-pessoas-com-tea-na-rede-publica-e-privada-de-saude","status":"publish","type":"post","link":"https:\/\/www.paranapraia.com.br\/index.php\/2023\/05\/08\/anibelli-quer-atendimento-prioritario-para-pessoas-com-tea-na-rede-publica-e-privada-de-saude\/","title":{"rendered":"Anibelli quer atendimento priorit\u00e1rio para pessoas com TEA na rede p\u00fablica e privada de sa\u00fade"},"content":{"rendered":"\n<p>O deputado estadual Anibelli Neto (MDB) apresentou nesta segunda-feira (08) na Assembleia Legislativa do Paran\u00e1, 15 contribui\u00e7\u00f5es parlamentares para serem inseridas no C\u00f3digo Estadual dos Direitos da Pessoa com Transtorno do Espectro Autista \u2013 TEA do Paran\u00e1.<\/p>\n\n\n\n<p>O objetivo do deputado \u00e9 participar ativamente do movimento importante da Assembleia Legislativa de criar uma legisla\u00e7\u00e3o mais s\u00f3lida de prote\u00e7\u00e3o aos direitos das pessoas com Transtorno do Espectro Autista, consolidando todas as leis estaduais em vigor e projetos de lei em tramita\u00e7\u00e3o sobre o tema, visando a cria\u00e7\u00e3o de uma lei estadual \u00fanica. Os trabalhos ser\u00e3o coordenados pela Comiss\u00e3o de Defesa dos Direitos da Crian\u00e7a, do Adolescente e da Pessoa com Defici\u00eancia.<\/p>\n\n\n\n<p>Anibelli Neto \u00e9 autor da Lei estadual 20.043, em vigor desde 2019, que disp\u00f5e sobre a inser\u00e7\u00e3o do S\u00edmbolo Mundial de Conscientiza\u00e7\u00e3o do Transtorno do Espectro Autista nas vagas de estacionamento preferenciais reservadas a pessoas com defici\u00eancia.<\/p>\n\n\n\n<figure class=\"wp-block-image size-large\"><img loading=\"lazy\" decoding=\"async\" width=\"1024\" height=\"683\" src=\"https:\/\/www.paranapraia.com.br\/wp-content\/uploads\/2023\/05\/51945858889_7bbdde5ed1_h-1024x683.jpg\" alt=\"\" class=\"wp-image-46876\" srcset=\"https:\/\/www.paranapraia.com.br\/wp-content\/uploads\/2023\/05\/51945858889_7bbdde5ed1_h-1024x683.jpg 1024w, https:\/\/www.paranapraia.com.br\/wp-content\/uploads\/2023\/05\/51945858889_7bbdde5ed1_h-300x200.jpg 300w, https:\/\/www.paranapraia.com.br\/wp-content\/uploads\/2023\/05\/51945858889_7bbdde5ed1_h-768x512.jpg 768w, https:\/\/www.paranapraia.com.br\/wp-content\/uploads\/2023\/05\/51945858889_7bbdde5ed1_h-1536x1024.jpg 1536w, https:\/\/www.paranapraia.com.br\/wp-content\/uploads\/2023\/05\/51945858889_7bbdde5ed1_h-696x464.jpg 696w, https:\/\/www.paranapraia.com.br\/wp-content\/uploads\/2023\/05\/51945858889_7bbdde5ed1_h-1068x712.jpg 1068w, https:\/\/www.paranapraia.com.br\/wp-content\/uploads\/2023\/05\/51945858889_7bbdde5ed1_h-630x420.jpg 630w, https:\/\/www.paranapraia.com.br\/wp-content\/uploads\/2023\/05\/51945858889_7bbdde5ed1_h.jpg 1600w\" sizes=\"(max-width: 1024px) 100vw, 1024px\" \/><\/figure>\n\n\n\n<p>O parlamentar destaca nas propostas o atendimento priorit\u00e1rio para as pessoas com TEA na rede p\u00fablica e privada de sa\u00fade, acompanhantes especializados na rede de ensino, a presen\u00e7a de monitores no transporte escolar para estudantes diagnosticados com TEA e atendimento psicossocial para m\u00e3es que se dedicam aos cuidados de filhos com Transtorno do Espectro Autista.<\/p>\n\n\n\n<p>Outro ponto importante \u00e9 a obrigatoriedade de ado\u00e7\u00e3o de protocolos m\u00e9dicos ou operacionais espec\u00edficos para atendimento de pessoas com TEA nas situa\u00e7\u00f5es envolvendo operadores de seguran\u00e7a p\u00fablica, tais como Pol\u00edcia Militar, Corpo de Bombeiros e Pol\u00edcia Civil, e a previs\u00e3o para que os Conselhos Profissionais Regionais de Medicina, Psicologia, Fonoaudiologia e Terapia Ocupacional, dever\u00e3o elaborar e disponibilizar publicamente, inclusive por meio da internet, no prazo de 90 (noventa) dias, uma lista de profissionais especializados e capacitados a atender pessoa como Transtorno do Espectro Autista.<\/p>\n\n\n\n<p>O deputado Anibelli Neto explicou que as contribui\u00e7\u00f5es foram apresentadas com a inten\u00e7\u00e3o de ampliar os direitos e contribuir ainda mais com pessoas com Transtorno do Espectro Autista e seus familiares. \u201cCom essas medidas, o Estado do Paran\u00e1 dar\u00e1 mais um passo importante na inclus\u00e3o social e na promo\u00e7\u00e3o dos direitos das pessoas com TEA\u201d, defendeu Anibelli Neto.<\/p>\n\n\n\n<p><strong>Confira a lista completa com as 15 contribui\u00e7\u00f5es do deputado Anibelli Neto:<\/strong><\/p>\n\n\n\n<p>1. Selo Amigo do Autista;<br>2. Penalidades administrativas \u00e0s pessoas f\u00edsicas e jur\u00eddicas que discriminem pessoas com TEA;<br>3. Salas de acomoda\u00e7\u00e3o e integra\u00e7\u00e3o sensorial;<br>4. Atendimento priorit\u00e1rio para pessoas com TEA;<br>5. Passe livre rodovi\u00e1rio intermunicipal;<br>6. Meia-entrada;<br>7. Acompanhante especializado na rede de ensino (Capacita\u00e7\u00e3o Familiar e Musicoterapia);<br>8. Monitores em transporte escolar para alunos com TEA;<br>9. Redu\u00e7\u00e3o da jornada de trabalho do servidor tutor ou respons\u00e1vel por pessoa com TEA;<br>10. Calend\u00e1rio de eventos oficiais do estado;<br>11. Planos de sa\u00fade;<br>12. S\u00edmbolo do TEA;<br>13. Atendimento psicossocial para m\u00e3es de pessoas com TEA;<br>14. Assist\u00eancia social \u00e0s pessoas com TEA;<br>15. Nutri\u00e7\u00e3o adequada e terapia nutricional.<\/p>\n\n\n\n<p><a href=\"http:\/\/anibelli.com.br\/wp-content\/uploads\/2023\/05\/REQUERIMENTO_948_2023.pdf\">Clique aqui para baixar o documento na \u00edntegra<\/a><\/p>\n\n\n\n<p>Assessoria<\/p>\n","protected":false},"excerpt":{"rendered":"<p>O deputado estadual Anibelli Neto (MDB) apresentou nesta segunda-feira (08) na Assembleia Legislativa do Paran\u00e1, 15 contribui\u00e7\u00f5es parlamentares para serem inseridas no C\u00f3digo Estadual dos Direitos da Pessoa com Transtorno do Espectro Autista \u2013 TEA do Paran\u00e1. O objetivo do deputado \u00e9 participar ativamente do movimento importante da Assembleia Legislativa de criar uma legisla\u00e7\u00e3o mais [&hellip;]<\/p>\n","protected":false},"author":2,"featured_media":46877,"comment_status":"open","ping_status":"open","sticky":false,"template":"","format":"standard","meta":{"advanced_seo_description":"","jetpack_seo_html_title":"","jetpack_seo_noindex":false,"_jetpack_memberships_contains_paid_content":false,"footnotes":""},"categories":[40],"tags":[],"class_list":{"0":"post-46874","1":"post","2":"type-post","3":"status-publish","4":"format-standard","5":"has-post-thumbnail","7":"category-destaques"},"jetpack_featured_media_url":"https:\/\/www.paranapraia.com.br\/wp-content\/uploads\/2023\/05\/images-2-2.jpeg","jetpack_sharing_enabled":true,"_links":{"self":[{"href":"https:\/\/www.paranapraia.com.br\/index.php\/wp-json\/wp\/v2\/posts\/46874"}],"collection":[{"href":"https:\/\/www.paranapraia.com.br\/index.php\/wp-json\/wp\/v2\/posts"}],"about":[{"href":"https:\/\/www.paranapraia.com.br\/index.php\/wp-json\/wp\/v2\/types\/post"}],"author":[{"embeddable":true,"href":"https:\/\/www.paranapraia.com.br\/index.php\/wp-json\/wp\/v2\/users\/2"}],"replies":[{"embeddable":true,"href":"https:\/\/www.paranapraia.com.br\/index.php\/wp-json\/wp\/v2\/comments?post=46874"}],"version-history":[{"count":1,"href":"https:\/\/www.paranapraia.com.br\/index.php\/wp-json\/wp\/v2\/posts\/46874\/revisions"}],"predecessor-version":[{"id":46878,"href":"https:\/\/www.paranapraia.com.br\/index.php\/wp-json\/wp\/v2\/posts\/46874\/revisions\/46878"}],"wp:featuredmedia":[{"embeddable":true,"href":"https:\/\/www.paranapraia.com.br\/index.php\/wp-json\/wp\/v2\/media\/46877"}],"wp:attachment":[{"href":"https:\/\/www.paranapraia.com.br\/index.php\/wp-json\/wp\/v2\/media?parent=46874"}],"wp:term":[{"taxonomy":"category","embeddable":true,"href":"https:\/\/www.paranapraia.com.br\/index.php\/wp-json\/wp\/v2\/categories?post=46874"},{"taxonomy":"post_tag","embeddable":true,"href":"https:\/\/www.paranapraia.com.br\/index.php\/wp-json\/wp\/v2\/tags?post=46874"}],"curies":[{"name":"wp","href":"https:\/\/api.w.org\/{rel}","templated":true}]}}