{"id":46865,"date":"2023-05-08T13:22:37","date_gmt":"2023-05-08T16:22:37","guid":{"rendered":"https:\/\/www.paranapraia.com.br\/?p=46865"},"modified":"2023-05-08T13:22:38","modified_gmt":"2023-05-08T16:22:38","slug":"ginastas-paranaenses-campeas-do-mundo-e-jogos-escolares-marcam-final-de-semana-esportivo","status":"publish","type":"post","link":"https:\/\/www.paranapraia.com.br\/index.php\/2023\/05\/08\/ginastas-paranaenses-campeas-do-mundo-e-jogos-escolares-marcam-final-de-semana-esportivo\/","title":{"rendered":"Ginastas paranaenses campe\u00e3s do mundo e Jogos Escolares marcam final de semana esportivo"},"content":{"rendered":"\n<p>O primeiro final de semana de maio foi marcado por eventos esportivos e grandes resultados de atletas do Paran\u00e1, unindo as duas frentes dos investimentos nessa \u00e1rea: forma\u00e7\u00e3o e resultado. Uma das principais competi\u00e7\u00f5es estaduais, os Jogos Escolares do Paran\u00e1 (JEPS) entraram na 69\u00aa edi\u00e7\u00e3o. Essa \u00e9 a etapa classificat\u00f3ria, regional, que vai at\u00e9 esta quarta-feira (10). J\u00e1 em Portim\u00e3o (Portugal), a 14 horas de dist\u00e2ncia de voo de Curitiba, atletas paranaenses que integram a sele\u00e7\u00e3o brasileira de Gin\u00e1stica R\u00edtmica conquistaram a medalha de ouro na Copa do Mundo.A 69\u00aa edi\u00e7\u00e3o dos JEPS come\u00e7ou na sexta-feira (5). <\/p>\n\n\n\n<p>A Regional 1 re\u00fane mais de 30 mil alunos\/atletas, que competem em nove modalidades esportivas (Futsal, Voleibol, Basquetebol, Handebol,  Atletismo, Xadrez, T\u00eanis de Mesa e Futsal Paradesportivo). As competi\u00e7\u00f5es s\u00e3o classificat\u00f3rias para a fase macrorregional dos Jogos Escolares do Paran\u00e1 e acontecem em 16 munic\u00edpios-sede: Pinhais, Borraz\u00f3polis, Engenheiro Beltr\u00e3o, C\u00e9u Azul, Tuneiras do Oeste, Corn\u00e9lio Proc\u00f3pio, Nova Esperan\u00e7a do Sudoeste, Moreira Sales, Irati, Manoel Ribas, Cambar\u00e1, Laranjeiras do Sul, Santa Isabel do Iva\u00ed, Matinhos, Pitanga e Wenceslau Braz. <\/p>\n\n\n\n<p>\u201c\u00c9 uma competi\u00e7\u00e3o que re\u00fane milhares de crian\u00e7as e amplia o conceito de sa\u00fade, disciplina e difunde a pr\u00e1tica esportiva. \u00c9 uma das nossas competi\u00e7\u00f5es mais importantes. Talvez muitos n\u00e3o se tornem grandes atletas, mas com certeza ser\u00e3o grandes cidad\u00e3os, conectados \u00e0 educa\u00e7\u00e3o e ao esporte. Ela gera grande envolvimento de professores e fam\u00edlias. S\u00e3o nove modalidades em disputa e grandes jogos\u201d, afirma o secret\u00e1rio estadual do Esporte, Helio Wirbiski.<\/p>\n\n\n\n<p>Os JEPS s\u00e3o organizados pelo Governo do Paran\u00e1, atrav\u00e9s das secretarias da Educa\u00e7\u00e3o e do Esporte, N\u00facleos Regionais de Educa\u00e7\u00e3o e Escrit\u00f3rios Regionais do Esporte, com apoio das Prefeituras Municipais e da Federa\u00e7\u00e3o Paranaense do Desporto Escolar. Alguns resultados j\u00e1 est\u00e3o dispon\u00edveis no site oficial da competi\u00e7\u00e3o.<\/p>\n\n\n\n<p>COPA REGIONAL SUL DE TAEKWONDO \u2013 O Gin\u00e1sio do Tarum\u00e3, que pertenceu ao Governo, tamb\u00e9m recebeu neste final de semana a Copa Regional Sul de Taekwondo, que reuniu atletas dos tr\u00eas estados da regi\u00e3o Sul: Rio Grande do Sul, Santa Catarina e Paran\u00e1. O evento foi organizado pela Confedera\u00e7\u00e3o Brasileira de Taekwondo e pela Federa\u00e7\u00e3o Paranaense de Taekwondo, com o apoio do Governo do Estado, por meio da Secretaria de Estado do Esporte, da Prefeitura Municipal de Curitiba e do Comit\u00ea Ol\u00edmpico do Brasil.Participaram das disputas 43 equipes e 530 participantes de faixas coloridas e da faixa preta, nas categorias luta, poomsae e parataekwondo. <\/p>\n\n\n\n<p>Os campe\u00f5es da faixa preta garantiram vaga para o Grand Slam, que acontece em novembro, evento que forma a sele\u00e7\u00e3o brasileira de Taekwondo do pr\u00f3ximo ano. Na classifica\u00e7\u00e3o geral faixa preta, duas equipes paranaenses ficaram em segundo e terceiro. Na faixas coloridas, paranaenses conquistaram o segundo, o terceiro e o quarto lugares. <\/p>\n\n\n\n<p>GIN\u00c1STICA R\u00cdTMICA \u2013 No domingo (7), a sele\u00e7\u00e3o brasileira de conjunto de Gin\u00e1stica R\u00edtmica conquistou um ouro in\u00e9dito na prova de cinco arcos na Copa do Mundo realizada em Portim\u00e3o, em Portugal.Ao som de \u201cI Wanna Dance With Somebody\u201d, de Whitney Houston, as ginastas ficaram na frente das sele\u00e7\u00f5es da Espanha e It\u00e1lia, com a nota 34,600. <\/p>\n\n\n\n<p>A equipe de conjunto contou com tr\u00eas atletas do Paran\u00e1: Nicole Pircio (quatro vezes bolsista do Gera\u00e7\u00e3o Ol\u00edmpica e Paral\u00edmpica), Giovanna Silva e Julia Kurunczi (cinco vezes bolsista do gera\u00e7\u00e3o Ol\u00edmpica e Paral\u00edmpica), al\u00e9m da t\u00e9cnica Camila Ferezin e da professora Bruna Martins, tamb\u00e9m representantes do Paran\u00e1.As ginastas fazem parte da sele\u00e7\u00e3o brasileira de conjunto, que treina em Aracaju (Sergipe). Giovanna \u00e9 de Toledo e Nicole, Julia, Camila e Bruna s\u00e3o naturais de Londrina. <\/p>\n\n\n\n<p>Desde o come\u00e7o do ano, a equipe vem participando de uma s\u00e9rie de etapas da Copa do Mundo para se prepararem para o Campeonato Pan Americano, que acontece em junho no M\u00e9xico e para o Campeonato Mundial, que acontece em agosto, na Espanha.<\/p>\n\n\n\n<p>\u201cAs chamadas Copas do Mundo s\u00e3o muito importantes porque s\u00e3o as competi\u00e7\u00f5es term\u00f4metros dos campeonatos mundiais. Elas estiveram na Gr\u00e9cia no come\u00e7o de mar\u00e7o, onde conquistaram uma medalha de bronze, foram finalistas na Copa do Mundo de S\u00f3fia, na Bulg\u00e1ria, ent\u00e3o \u00e9 um grupo de ginastas paranaenses muito talentosas que representa a sele\u00e7\u00e3o brasileira\u201d, afirma M\u00e1rcia Versani, presidente da Federa\u00e7\u00e3o Paranaense de Gin\u00e1stica.<\/p>\n\n\n\n<p>\u201cPortim\u00e3o foi excelente porque tivemos o conjunto classificado para a final de cinco arcos, e elas competiram muito bem e foram campe\u00e3s. Pela primeira vez o Brasil ganhou uma medalha de ouro numa etapa da Copa do Mundo, ent\u00e3o esse resultado \u00e9 muito significativo\u201d, complementa.<\/p>\n\n\n\n<p>PARANAENSE NA MOUNTAIN BIKE \u2013 Outro resultado que chamou a aten\u00e7\u00e3o recentemente foi a conquista do atleta Alex Malacarne, de Medianeira (Oeste), que foi campe\u00e3o do Campeonato Pan-Americano de Mountain Bike 2023, que aconteceu na cidade de Congonhas, em Minas Gerais. O atleta de 21 anos dominou a corrida e levou a melhor sobre concorrentes do M\u00e9xico e Canad\u00e1. Alex terminou a prova com o tempo de 1h16m46, a vit\u00f3ria do atleta \u00e9 um marco importante para o Brasil na modalidade.<\/p>\n\n\n\n<p>AEN<\/p>\n","protected":false},"excerpt":{"rendered":"<p>O primeiro final de semana de maio foi marcado por eventos esportivos e grandes resultados de atletas do Paran\u00e1, unindo as duas frentes dos investimentos nessa \u00e1rea: forma\u00e7\u00e3o e resultado. Uma das principais competi\u00e7\u00f5es estaduais, os Jogos Escolares do Paran\u00e1 (JEPS) entraram na 69\u00aa edi\u00e7\u00e3o. Essa \u00e9 a etapa classificat\u00f3ria, regional, que vai at\u00e9 esta [&hellip;]<\/p>\n","protected":false},"author":2,"featured_media":46866,"comment_status":"open","ping_status":"open","sticky":false,"template":"","format":"standard","meta":{"advanced_seo_description":"","jetpack_seo_html_title":"","jetpack_seo_noindex":false,"_jetpack_memberships_contains_paid_content":false,"footnotes":""},"categories":[40],"tags":[],"class_list":{"0":"post-46865","1":"post","2":"type-post","3":"status-publish","4":"format-standard","5":"has-post-thumbnail","7":"category-destaques"},"jetpack_featured_media_url":"https:\/\/www.paranapraia.com.br\/wp-content\/uploads\/2023\/05\/8.jpg","jetpack_sharing_enabled":true,"_links":{"self":[{"href":"https:\/\/www.paranapraia.com.br\/index.php\/wp-json\/wp\/v2\/posts\/46865"}],"collection":[{"href":"https:\/\/www.paranapraia.com.br\/index.php\/wp-json\/wp\/v2\/posts"}],"about":[{"href":"https:\/\/www.paranapraia.com.br\/index.php\/wp-json\/wp\/v2\/types\/post"}],"author":[{"embeddable":true,"href":"https:\/\/www.paranapraia.com.br\/index.php\/wp-json\/wp\/v2\/users\/2"}],"replies":[{"embeddable":true,"href":"https:\/\/www.paranapraia.com.br\/index.php\/wp-json\/wp\/v2\/comments?post=46865"}],"version-history":[{"count":1,"href":"https:\/\/www.paranapraia.com.br\/index.php\/wp-json\/wp\/v2\/posts\/46865\/revisions"}],"predecessor-version":[{"id":46867,"href":"https:\/\/www.paranapraia.com.br\/index.php\/wp-json\/wp\/v2\/posts\/46865\/revisions\/46867"}],"wp:featuredmedia":[{"embeddable":true,"href":"https:\/\/www.paranapraia.com.br\/index.php\/wp-json\/wp\/v2\/media\/46866"}],"wp:attachment":[{"href":"https:\/\/www.paranapraia.com.br\/index.php\/wp-json\/wp\/v2\/media?parent=46865"}],"wp:term":[{"taxonomy":"category","embeddable":true,"href":"https:\/\/www.paranapraia.com.br\/index.php\/wp-json\/wp\/v2\/categories?post=46865"},{"taxonomy":"post_tag","embeddable":true,"href":"https:\/\/www.paranapraia.com.br\/index.php\/wp-json\/wp\/v2\/tags?post=46865"}],"curies":[{"name":"wp","href":"https:\/\/api.w.org\/{rel}","templated":true}]}}