{"id":46862,"date":"2023-05-08T13:03:30","date_gmt":"2023-05-08T16:03:30","guid":{"rendered":"https:\/\/www.paranapraia.com.br\/?p=46862"},"modified":"2023-05-08T13:03:31","modified_gmt":"2023-05-08T16:03:31","slug":"circuito-de-corridas-da-sanepar-ganha-nova-etapa-em-curitiba-e-programacao-no-interior","status":"publish","type":"post","link":"https:\/\/www.paranapraia.com.br\/index.php\/2023\/05\/08\/circuito-de-corridas-da-sanepar-ganha-nova-etapa-em-curitiba-e-programacao-no-interior\/","title":{"rendered":"Circuito de corridas da Sanepar ganha nova etapa em Curitiba e programa\u00e7\u00e3o no Interior"},"content":{"rendered":"\n<p>O Circuito de Corridas Sanepar ganha as ruas de v\u00e1rias cidades no Estado para comemorar os 60 anos da Companhia de Saneamento do Paran\u00e1 a partir de julho. Ao todo ser\u00e3o 10 etapas regionais com provas de 5 e 10 quil\u00f4metros, al\u00e9m de caminhada e circuito kids para crian\u00e7as. Foz do Igua\u00e7u, no Oeste, inaugura o circuito no pr\u00f3ximo dia 9 de julho.<\/p>\n\n\n\n<p>A programa\u00e7\u00e3o repete a f\u00f3rmula bem-sucedida realizada durante o Ver\u00e3o Maior Paran\u00e1 2022\/23, quando a Sanepar promoveu as etapas do circuito de corridas de rua no litoral paranaense (Guaratuba, Matinhos, Morretes e Pontal do Paran\u00e1) e reuniu mais de 10 mil participantes nos eventos.<\/p>\n\n\n\n<p>Para o calend\u00e1rio regional, al\u00e9m de Foz do Igua\u00e7u, foram inclu\u00eddas as cidades de Pato Branco (Sudoeste), Santo Ant\u00f4nio da Platina (Norte Pioneiro), Londrina (Norte), Maring\u00e1 (Noroeste), Cascavel (Oeste), Guarapuava (Centro-Sul), Ponta Grossa (Campos Gerais) e Umuarama (Noroeste), com encerramento em dezembro, em Curitiba, onde foi lan\u00e7ado o projeto, em 4 de dezembro de 2022.As inscri\u00e7\u00f5es para as provas custam R$ 39,90 e os primeiros mil inscritos em cada etapa t\u00eam direito ao kit premium, com camiseta da prova, sacochila e bon\u00e9. As inscri\u00e7\u00f5es podem ser feitas pelo site <\/p>\n\n\n\n<p><a href=\"https:\/\/www.corridassanepar.com.br\/\">https:\/\/www.corridassanepar.com.br\/<\/a><\/p>\n\n\n\n<p>Confira o calend\u00e1rio das provas:<\/p>\n\n\n\n<p>09\/07 \u2013 Foz do Igua\u00e7u<\/p>\n\n\n\n<p>24\/09 \u2013 Pato Branco<\/p>\n\n\n\n<p>08\/10 \u2013 Santo Ant\u00f4nio da Platina<\/p>\n\n\n\n<p>22\/10 \u2013 Londrina<\/p>\n\n\n\n<p>29\/10 \u2013 Maring\u00e1<\/p>\n\n\n\n<p>12\/11 \u2013 Cascavel<\/p>\n\n\n\n<p>19\/11 \u2013 Guarapuava<\/p>\n\n\n\n<p>03\/12 \u2013 Ponta Grossa<\/p>\n\n\n\n<p>10\/12 \u2013 Umuarama<\/p>\n\n\n\n<p>17\/12 \u2013 Curitiba<\/p>\n\n\n\n<p>AEN<\/p>\n","protected":false},"excerpt":{"rendered":"<p>O Circuito de Corridas Sanepar ganha as ruas de v\u00e1rias cidades no Estado para comemorar os 60 anos da Companhia de Saneamento do Paran\u00e1 a partir de julho. Ao todo ser\u00e3o 10 etapas regionais com provas de 5 e 10 quil\u00f4metros, al\u00e9m de caminhada e circuito kids para crian\u00e7as. Foz do Igua\u00e7u, no Oeste, inaugura [&hellip;]<\/p>\n","protected":false},"author":2,"featured_media":46863,"comment_status":"open","ping_status":"open","sticky":false,"template":"","format":"standard","meta":{"advanced_seo_description":"","jetpack_seo_html_title":"","jetpack_seo_noindex":false,"_jetpack_memberships_contains_paid_content":false,"footnotes":""},"categories":[40],"tags":[],"class_list":{"0":"post-46862","1":"post","2":"type-post","3":"status-publish","4":"format-standard","5":"has-post-thumbnail","7":"category-destaques"},"jetpack_featured_media_url":"https:\/\/www.paranapraia.com.br\/wp-content\/uploads\/2023\/05\/230122_matinhos_corrida_11_ok.jpg","jetpack_sharing_enabled":true,"_links":{"self":[{"href":"https:\/\/www.paranapraia.com.br\/index.php\/wp-json\/wp\/v2\/posts\/46862"}],"collection":[{"href":"https:\/\/www.paranapraia.com.br\/index.php\/wp-json\/wp\/v2\/posts"}],"about":[{"href":"https:\/\/www.paranapraia.com.br\/index.php\/wp-json\/wp\/v2\/types\/post"}],"author":[{"embeddable":true,"href":"https:\/\/www.paranapraia.com.br\/index.php\/wp-json\/wp\/v2\/users\/2"}],"replies":[{"embeddable":true,"href":"https:\/\/www.paranapraia.com.br\/index.php\/wp-json\/wp\/v2\/comments?post=46862"}],"version-history":[{"count":1,"href":"https:\/\/www.paranapraia.com.br\/index.php\/wp-json\/wp\/v2\/posts\/46862\/revisions"}],"predecessor-version":[{"id":46864,"href":"https:\/\/www.paranapraia.com.br\/index.php\/wp-json\/wp\/v2\/posts\/46862\/revisions\/46864"}],"wp:featuredmedia":[{"embeddable":true,"href":"https:\/\/www.paranapraia.com.br\/index.php\/wp-json\/wp\/v2\/media\/46863"}],"wp:attachment":[{"href":"https:\/\/www.paranapraia.com.br\/index.php\/wp-json\/wp\/v2\/media?parent=46862"}],"wp:term":[{"taxonomy":"category","embeddable":true,"href":"https:\/\/www.paranapraia.com.br\/index.php\/wp-json\/wp\/v2\/categories?post=46862"},{"taxonomy":"post_tag","embeddable":true,"href":"https:\/\/www.paranapraia.com.br\/index.php\/wp-json\/wp\/v2\/tags?post=46862"}],"curies":[{"name":"wp","href":"https:\/\/api.w.org\/{rel}","templated":true}]}}