{"id":46210,"date":"2023-05-02T17:18:18","date_gmt":"2023-05-02T20:18:18","guid":{"rendered":"https:\/\/www.paranapraia.com.br\/?p=46210"},"modified":"2023-05-02T17:18:19","modified_gmt":"2023-05-02T20:18:19","slug":"saude-confirma-6-889-novos-casos-e-seis-obitos-por-dengue","status":"publish","type":"post","link":"https:\/\/www.paranapraia.com.br\/index.php\/2023\/05\/02\/saude-confirma-6-889-novos-casos-e-seis-obitos-por-dengue\/","title":{"rendered":"Sa\u00fade confirma 6.889 novos casos e seis \u00f3bitos por dengue"},"content":{"rendered":"\n<p>O novo boletim epidemiol\u00f3gico da Secretaria de Estado da Sa\u00fade (Sesa), divulgado nesta ter\u00e7a-feira (2), confirma 6.889 novos casos e seis \u00f3bitos por dengue em rela\u00e7\u00e3o ao informe da semana anterior. Agora o Paran\u00e1 registra ao todo 35.433 casos confirmados e 21 \u00f3bitos.<\/p>\n\n\n\n<p>Das seis mortes registradas, cinco ocorreram na 17\u00aa Regional de Sa\u00fade de Londrina e uma na 9\u00aa Regional de Sa\u00fade de Foz do Igua\u00e7u. Eram tr\u00eas pacientes de Londrina (dois homens com 59 e 69 anos e uma mulher de 62 anos), um de Ibipor\u00e3 (masculino, 68 anos), um de Prado Ferreira (masculino, 87 anos) e um de Foz do Igua\u00e7u (masculino, 72 anos). Todos possu\u00edam comorbidades.<\/p>\n\n\n\n<p>No total, s\u00e3o 191.819 notifica\u00e7\u00f5es, uma diferen\u00e7a de 22.841 (13,5%) a mais do que na semana anterior. Das 22 Regionais de Sa\u00fade, somente a de Uni\u00e3o da Vit\u00f3ria n\u00e3o possui casos aut\u00f3ctones (quando a doen\u00e7a \u00e9 contra\u00edda na cidade de resid\u00eancia).O secret\u00e1rio de Estado da Sa\u00fade, Beto Preto, ressalta que toda a popula\u00e7\u00e3o deve estar envolvida no combate \u00e0 dengue. <\/p>\n\n\n\n<p>\u201cCerca de 80% dos focos do mosquito Aedes aegypti se formam nos quintais e dentro das resid\u00eancias, por este motivo, a participa\u00e7\u00e3o da popula\u00e7\u00e3o na remo\u00e7\u00e3o destes criadouros \u00e9 t\u00e3o importante\u201d, alertou.CHIKUNGUNYA \u2013 Em rela\u00e7\u00e3o \u00e0 chikungunya, o Estado possui 283 casos confirmados. S\u00e3o 52 a mais (22,5%) que no \u00faltimo informe.<\/p>\n\n\n\n<p> Sem o registro de novos \u00f3bitos, o Paran\u00e1 permanece com duas mortes pelo agravo, sendo um caso importado do Paraguai e um residente de Cascavel. A maioria das confirma\u00e7\u00f5es (64%) s\u00e3o aut\u00f3ctones e, destas, 175 (96%) s\u00e3o de pacientes residentes na Macro Oeste, sendo que 131 (74,8%) do munic\u00edpio de Foz do Igua\u00e7u. <\/p>\n\n\n\n<p>AEN<\/p>\n","protected":false},"excerpt":{"rendered":"<p>O novo boletim epidemiol\u00f3gico da Secretaria de Estado da Sa\u00fade (Sesa), divulgado nesta ter\u00e7a-feira (2), confirma 6.889 novos casos e seis \u00f3bitos por dengue em rela\u00e7\u00e3o ao informe da semana anterior. Agora o Paran\u00e1 registra ao todo 35.433 casos confirmados e 21 \u00f3bitos. Das seis mortes registradas, cinco ocorreram na 17\u00aa Regional de Sa\u00fade de [&hellip;]<\/p>\n","protected":false},"author":2,"featured_media":46211,"comment_status":"open","ping_status":"open","sticky":false,"template":"","format":"standard","meta":{"advanced_seo_description":"","jetpack_seo_html_title":"","jetpack_seo_noindex":false,"_jetpack_memberships_contains_paid_content":false,"footnotes":""},"categories":[50],"tags":[],"class_list":{"0":"post-46210","1":"post","2":"type-post","3":"status-publish","4":"format-standard","5":"has-post-thumbnail","7":"category-saude"},"jetpack_featured_media_url":"https:\/\/www.paranapraia.com.br\/wp-content\/uploads\/2023\/05\/dengue_boletim-2.jpg","jetpack_sharing_enabled":true,"_links":{"self":[{"href":"https:\/\/www.paranapraia.com.br\/index.php\/wp-json\/wp\/v2\/posts\/46210"}],"collection":[{"href":"https:\/\/www.paranapraia.com.br\/index.php\/wp-json\/wp\/v2\/posts"}],"about":[{"href":"https:\/\/www.paranapraia.com.br\/index.php\/wp-json\/wp\/v2\/types\/post"}],"author":[{"embeddable":true,"href":"https:\/\/www.paranapraia.com.br\/index.php\/wp-json\/wp\/v2\/users\/2"}],"replies":[{"embeddable":true,"href":"https:\/\/www.paranapraia.com.br\/index.php\/wp-json\/wp\/v2\/comments?post=46210"}],"version-history":[{"count":1,"href":"https:\/\/www.paranapraia.com.br\/index.php\/wp-json\/wp\/v2\/posts\/46210\/revisions"}],"predecessor-version":[{"id":46212,"href":"https:\/\/www.paranapraia.com.br\/index.php\/wp-json\/wp\/v2\/posts\/46210\/revisions\/46212"}],"wp:featuredmedia":[{"embeddable":true,"href":"https:\/\/www.paranapraia.com.br\/index.php\/wp-json\/wp\/v2\/media\/46211"}],"wp:attachment":[{"href":"https:\/\/www.paranapraia.com.br\/index.php\/wp-json\/wp\/v2\/media?parent=46210"}],"wp:term":[{"taxonomy":"category","embeddable":true,"href":"https:\/\/www.paranapraia.com.br\/index.php\/wp-json\/wp\/v2\/categories?post=46210"},{"taxonomy":"post_tag","embeddable":true,"href":"https:\/\/www.paranapraia.com.br\/index.php\/wp-json\/wp\/v2\/tags?post=46210"}],"curies":[{"name":"wp","href":"https:\/\/api.w.org\/{rel}","templated":true}]}}