{"id":46188,"date":"2023-05-02T16:36:00","date_gmt":"2023-05-02T19:36:00","guid":{"rendered":"https:\/\/www.paranapraia.com.br\/?p=46188"},"modified":"2023-05-02T16:36:01","modified_gmt":"2023-05-02T19:36:01","slug":"curitiba-tera-foo-fighters-em-setembro-no-couto-pereira","status":"publish","type":"post","link":"https:\/\/www.paranapraia.com.br\/index.php\/2023\/05\/02\/curitiba-tera-foo-fighters-em-setembro-no-couto-pereira\/","title":{"rendered":"Curitiba ter\u00e1 Foo Fighters em setembro no Couto Pereira"},"content":{"rendered":"\n<p>Foo Fighters acaba de confirmar seu \u00fanico show solo no Brasil em 2023 no Est\u00e1dio Couto Pereira em Curitiba, no dia 7 de setembro.<\/p>\n\n\n\n<p>Os ingressos estar\u00e3o \u00e0 venda pela Eventim, a partir do dia 04 de maio.<\/p>\n\n\n\n<figure class=\"wp-block-image size-large\"><img loading=\"lazy\" decoding=\"async\" width=\"819\" height=\"1024\" src=\"https:\/\/www.paranapraia.com.br\/wp-content\/uploads\/2023\/05\/FB_IMG_1683055958828-819x1024.jpg\" alt=\"\" class=\"wp-image-46189\" srcset=\"https:\/\/www.paranapraia.com.br\/wp-content\/uploads\/2023\/05\/FB_IMG_1683055958828-819x1024.jpg 819w, https:\/\/www.paranapraia.com.br\/wp-content\/uploads\/2023\/05\/FB_IMG_1683055958828-240x300.jpg 240w, https:\/\/www.paranapraia.com.br\/wp-content\/uploads\/2023\/05\/FB_IMG_1683055958828-768x961.jpg 768w, https:\/\/www.paranapraia.com.br\/wp-content\/uploads\/2023\/05\/FB_IMG_1683055958828-696x871.jpg 696w, https:\/\/www.paranapraia.com.br\/wp-content\/uploads\/2023\/05\/FB_IMG_1683055958828-1068x1336.jpg 1068w, https:\/\/www.paranapraia.com.br\/wp-content\/uploads\/2023\/05\/FB_IMG_1683055958828-336x420.jpg 336w, https:\/\/www.paranapraia.com.br\/wp-content\/uploads\/2023\/05\/FB_IMG_1683055958828.jpg 1080w\" sizes=\"(max-width: 819px) 100vw, 819px\" \/><\/figure>\n","protected":false},"excerpt":{"rendered":"<p>Foo Fighters acaba de confirmar seu \u00fanico show solo no Brasil em 2023 no Est\u00e1dio Couto Pereira em Curitiba, no dia 7 de setembro. Os ingressos estar\u00e3o \u00e0 venda pela Eventim, a partir do dia 04 de maio.<\/p>\n","protected":false},"author":2,"featured_media":46190,"comment_status":"open","ping_status":"open","sticky":false,"template":"","format":"standard","meta":{"advanced_seo_description":"","jetpack_seo_html_title":"","jetpack_seo_noindex":false,"_jetpack_memberships_contains_paid_content":false,"footnotes":""},"categories":[40],"tags":[],"class_list":{"0":"post-46188","1":"post","2":"type-post","3":"status-publish","4":"format-standard","5":"has-post-thumbnail","7":"category-destaques"},"jetpack_featured_media_url":"https:\/\/www.paranapraia.com.br\/wp-content\/uploads\/2023\/05\/images-15.jpeg","jetpack_sharing_enabled":true,"_links":{"self":[{"href":"https:\/\/www.paranapraia.com.br\/index.php\/wp-json\/wp\/v2\/posts\/46188"}],"collection":[{"href":"https:\/\/www.paranapraia.com.br\/index.php\/wp-json\/wp\/v2\/posts"}],"about":[{"href":"https:\/\/www.paranapraia.com.br\/index.php\/wp-json\/wp\/v2\/types\/post"}],"author":[{"embeddable":true,"href":"https:\/\/www.paranapraia.com.br\/index.php\/wp-json\/wp\/v2\/users\/2"}],"replies":[{"embeddable":true,"href":"https:\/\/www.paranapraia.com.br\/index.php\/wp-json\/wp\/v2\/comments?post=46188"}],"version-history":[{"count":1,"href":"https:\/\/www.paranapraia.com.br\/index.php\/wp-json\/wp\/v2\/posts\/46188\/revisions"}],"predecessor-version":[{"id":46191,"href":"https:\/\/www.paranapraia.com.br\/index.php\/wp-json\/wp\/v2\/posts\/46188\/revisions\/46191"}],"wp:featuredmedia":[{"embeddable":true,"href":"https:\/\/www.paranapraia.com.br\/index.php\/wp-json\/wp\/v2\/media\/46190"}],"wp:attachment":[{"href":"https:\/\/www.paranapraia.com.br\/index.php\/wp-json\/wp\/v2\/media?parent=46188"}],"wp:term":[{"taxonomy":"category","embeddable":true,"href":"https:\/\/www.paranapraia.com.br\/index.php\/wp-json\/wp\/v2\/categories?post=46188"},{"taxonomy":"post_tag","embeddable":true,"href":"https:\/\/www.paranapraia.com.br\/index.php\/wp-json\/wp\/v2\/tags?post=46188"}],"curies":[{"name":"wp","href":"https:\/\/api.w.org\/{rel}","templated":true}]}}