{"id":46185,"date":"2023-05-02T16:27:52","date_gmt":"2023-05-02T19:27:52","guid":{"rendered":"https:\/\/www.paranapraia.com.br\/?p=46185"},"modified":"2023-05-02T16:27:53","modified_gmt":"2023-05-02T19:27:53","slug":"prazo-para-inscricao-no-concurso-de-professores-da-rede-estadual-termina-na-proxima-semana","status":"publish","type":"post","link":"https:\/\/www.paranapraia.com.br\/index.php\/2023\/05\/02\/prazo-para-inscricao-no-concurso-de-professores-da-rede-estadual-termina-na-proxima-semana\/","title":{"rendered":"Prazo para inscri\u00e7\u00e3o no concurso de professores da rede estadual termina na pr\u00f3xima semana"},"content":{"rendered":"\n<p>O prazo para inscri\u00e7\u00e3o para o concurso p\u00fablico para a Rede Estadual de Ensino termina na pr\u00f3xima semana, no dia 9 de maio. Os interessados podem se inscrever at\u00e9 \u00e0s 23h de ter\u00e7a-feira (9) pelo&nbsp;<a href=\"https:\/\/concursos.ibfc.org.br\/informacoes\/421\/\" target=\"_blank\" rel=\"noreferrer noopener\">site do IBFC (Instituto Brasileiro de Forma\u00e7\u00e3o e Capacita\u00e7\u00e3o)<\/a>. O concurso est\u00e1 sendo promovido pela Secretaria da Administra\u00e7\u00e3o e da Previd\u00eancia e ofertar\u00e1, inicialmente, 1.256 vagas, sendo 1.109 para doc\u00eancia da Matriz Curricular e 147 vagas para professor-pedagogo, al\u00e9m do cadastro de reserva. H\u00e1 vagas nos 32 N\u00facleos Regionais de Educa\u00e7\u00e3o.<\/p>\n\n\n\n<p>A taxa de inscri\u00e7\u00e3o \u00e9 de R$ 100 para o candidato que opte por concorrer apenas em um cargo (doc\u00eancia ou professor-pedagogo) e de R$ 160 para candidatos que queiram concorrer a dois cargos (dois em doc\u00eancia ou para um cargo de docente e outro de professor-pedagogo). As provas objetivas e discursivas ser\u00e3o realizadas no dia 18 de junho.<\/p>\n\n\n\n<p>\u201c\u00c9 importante destacar aos professores que ainda est\u00e3o pensando se inscrever, que existe a oportunidade de chamar muito mais candidatos do que as vagas previstas no&nbsp;<a href=\"https:\/\/www.aen.pr.gov.br\/sites\/default\/arquivos_restritos\/files\/documento\/2023-03\/b4a7f39bf7c7fc42004c3d92add49cca.pdf\" target=\"_blank\" rel=\"noreferrer noopener\">edital<\/a>&nbsp;\u2013 l\u00f3gico que respeitando a necessidade de cada regi\u00e3o e de cada disciplina\u201d, explica o secret\u00e1rio de Educa\u00e7\u00e3o, Roni Miranda. \u201cQuero refor\u00e7ar o convite: \u00e9 a \u00faltima semana, se inscreva, n\u00e3o deixe passar essa oportunidade, tanto voc\u00ea rec\u00e9m-formado quanto voc\u00ea que j\u00e1 trabalha em rede municipal, privada ou mesmo que j\u00e1 \u00e9 professor nosso [pelo PSS]\u201d.<\/p>\n\n\n\n<p>O \u00faltimo concurso p\u00fablico para professores foi realizado h\u00e1 dez anos pelo Estado. Como o certame \u00e9 prorrog\u00e1vel por mais dois anos (ou seja, pode ter at\u00e9 quatro anos de dura\u00e7\u00e3o), a expectativa \u00e9 de que haja um chamamento maior do que as vagas inicialmente disponibilizadas.<\/p>\n\n\n\n<p><strong>D\u00daVIDAS\u00a0<\/strong>\u2013 O candidato poder\u00e1 tirar d\u00favidas do certame junto ao IBFC pelo e-mail\u00a0concurso@ibfc.org.br\u00a0ou\u00a0(11) 4788-1430\u00a0das 9h \u00e0s 17h, de segunda-feira a sexta-feira, exceto feriados.<\/p>\n\n\n\n<p>AEN<\/p>\n","protected":false},"excerpt":{"rendered":"<p>O prazo para inscri\u00e7\u00e3o para o concurso p\u00fablico para a Rede Estadual de Ensino termina na pr\u00f3xima semana, no dia 9 de maio. Os interessados podem se inscrever at\u00e9 \u00e0s 23h de ter\u00e7a-feira (9) pelo&nbsp;site do IBFC (Instituto Brasileiro de Forma\u00e7\u00e3o e Capacita\u00e7\u00e3o). O concurso est\u00e1 sendo promovido pela Secretaria da Administra\u00e7\u00e3o e da Previd\u00eancia [&hellip;]<\/p>\n","protected":false},"author":2,"featured_media":46186,"comment_status":"open","ping_status":"open","sticky":false,"template":"","format":"standard","meta":{"advanced_seo_description":"","jetpack_seo_html_title":"","jetpack_seo_noindex":false,"_jetpack_memberships_contains_paid_content":false,"footnotes":""},"categories":[72],"tags":[],"class_list":{"0":"post-46185","1":"post","2":"type-post","3":"status-publish","4":"format-standard","5":"has-post-thumbnail","7":"category-educacao"},"jetpack_featured_media_url":"https:\/\/www.paranapraia.com.br\/wp-content\/uploads\/2023\/05\/ce_getulio_vargas_fernandes_pinheiro.jpg","jetpack_sharing_enabled":true,"_links":{"self":[{"href":"https:\/\/www.paranapraia.com.br\/index.php\/wp-json\/wp\/v2\/posts\/46185"}],"collection":[{"href":"https:\/\/www.paranapraia.com.br\/index.php\/wp-json\/wp\/v2\/posts"}],"about":[{"href":"https:\/\/www.paranapraia.com.br\/index.php\/wp-json\/wp\/v2\/types\/post"}],"author":[{"embeddable":true,"href":"https:\/\/www.paranapraia.com.br\/index.php\/wp-json\/wp\/v2\/users\/2"}],"replies":[{"embeddable":true,"href":"https:\/\/www.paranapraia.com.br\/index.php\/wp-json\/wp\/v2\/comments?post=46185"}],"version-history":[{"count":1,"href":"https:\/\/www.paranapraia.com.br\/index.php\/wp-json\/wp\/v2\/posts\/46185\/revisions"}],"predecessor-version":[{"id":46187,"href":"https:\/\/www.paranapraia.com.br\/index.php\/wp-json\/wp\/v2\/posts\/46185\/revisions\/46187"}],"wp:featuredmedia":[{"embeddable":true,"href":"https:\/\/www.paranapraia.com.br\/index.php\/wp-json\/wp\/v2\/media\/46186"}],"wp:attachment":[{"href":"https:\/\/www.paranapraia.com.br\/index.php\/wp-json\/wp\/v2\/media?parent=46185"}],"wp:term":[{"taxonomy":"category","embeddable":true,"href":"https:\/\/www.paranapraia.com.br\/index.php\/wp-json\/wp\/v2\/categories?post=46185"},{"taxonomy":"post_tag","embeddable":true,"href":"https:\/\/www.paranapraia.com.br\/index.php\/wp-json\/wp\/v2\/tags?post=46185"}],"curies":[{"name":"wp","href":"https:\/\/api.w.org\/{rel}","templated":true}]}}