{"id":46182,"date":"2023-05-02T16:15:31","date_gmt":"2023-05-02T19:15:31","guid":{"rendered":"https:\/\/www.paranapraia.com.br\/?p=46182"},"modified":"2023-05-02T16:17:25","modified_gmt":"2023-05-02T19:17:25","slug":"pcpr-prende-suspeita-de-tentativa-de-latrocinio-em-foz-do-iguacu","status":"publish","type":"post","link":"https:\/\/www.paranapraia.com.br\/index.php\/2023\/05\/02\/pcpr-prende-suspeita-de-tentativa-de-latrocinio-em-foz-do-iguacu\/","title":{"rendered":"PCPR prende suspeita de tentativa de latroc\u00ednio em Foz do Igua\u00e7u"},"content":{"rendered":"\n<p>A Pol\u00edcia Civil do Paran\u00e1 (PCPR) prendeu preventivamente uma mulher, de 21 anos, suspeita de participa\u00e7\u00e3o em uma tentativa de latroc\u00ednio contra um homem, de 73, ocorrida no dia 9 de abril, em Foz do Igua\u00e7u, na regi\u00e3o Oeste do Estado. A captura foi realizada no domingo (30), no mesmo munic\u00edpio.<\/p>\n\n\n\n<p>Durante a a\u00e7\u00e3o, foram cumpridos dois mandados de busca, em que foram apreendidos documentos que auxiliar\u00e3o no andamento das investiga\u00e7\u00f5es. O ve\u00edculo roubado no crime foi recuperado e restitu\u00eddo \u00e0 v\u00edtima.<\/p>\n\n\n\n<p>Conforme o delegado da PCPR Rodrigo Silva de Souza, a suspeita conhecia a v\u00edtima, um advogado da regi\u00e3o. As investiga\u00e7\u00f5es continuam a fim de identificar demais envolvidos e esclarecer todas as circunst\u00e2ncias do fato.<\/p>\n\n\n\n<p>A mulher foi encaminhada \u00e0 cadeia p\u00fablica de Foz do Igua\u00e7u.<\/p>\n\n\n\n<p>CRIME- Na data do fato, a mulher, acompanhada de outro suspeito ainda n\u00e3o identificado, invadiu a resid\u00eancia da v\u00edtima, efetuou diversos golpes de faca contra o homem e subtraiu o ve\u00edculo na sequ\u00eancia.<\/p>\n\n\n\n<p>DEN\u00daNCIAS- A PCPR solicita a colabora\u00e7\u00e3o da popula\u00e7\u00e3o com informa\u00e7\u00f5es que auxiliem no andamento das investiga\u00e7\u00f5es. As den\u00fancias podem ser feitas de forma an\u00f4nima, pelos n\u00fameros 197, da PCPR ou 181, do Disque-Den\u00fancia.<\/p>\n\n\n\n<p>PCPR<\/p>\n","protected":false},"excerpt":{"rendered":"<p>A Pol\u00edcia Civil do Paran\u00e1 (PCPR) prendeu preventivamente uma mulher, de 21 anos, suspeita de participa\u00e7\u00e3o em uma tentativa de latroc\u00ednio contra um homem, de 73, ocorrida no dia 9 de abril, em Foz do Igua\u00e7u, na regi\u00e3o Oeste do Estado. A captura foi realizada no domingo (30), no mesmo munic\u00edpio. Durante a a\u00e7\u00e3o, foram [&hellip;]<\/p>\n","protected":false},"author":2,"featured_media":46183,"comment_status":"open","ping_status":"open","sticky":false,"template":"","format":"standard","meta":{"advanced_seo_description":"","jetpack_seo_html_title":"","jetpack_seo_noindex":false,"_jetpack_memberships_contains_paid_content":false,"footnotes":""},"categories":[33],"tags":[],"class_list":{"0":"post-46182","1":"post","2":"type-post","3":"status-publish","4":"format-standard","5":"has-post-thumbnail","7":"category-policia"},"jetpack_featured_media_url":"https:\/\/www.paranapraia.com.br\/wp-content\/uploads\/2023\/05\/pcprfoz.jpg","jetpack_sharing_enabled":true,"_links":{"self":[{"href":"https:\/\/www.paranapraia.com.br\/index.php\/wp-json\/wp\/v2\/posts\/46182"}],"collection":[{"href":"https:\/\/www.paranapraia.com.br\/index.php\/wp-json\/wp\/v2\/posts"}],"about":[{"href":"https:\/\/www.paranapraia.com.br\/index.php\/wp-json\/wp\/v2\/types\/post"}],"author":[{"embeddable":true,"href":"https:\/\/www.paranapraia.com.br\/index.php\/wp-json\/wp\/v2\/users\/2"}],"replies":[{"embeddable":true,"href":"https:\/\/www.paranapraia.com.br\/index.php\/wp-json\/wp\/v2\/comments?post=46182"}],"version-history":[{"count":1,"href":"https:\/\/www.paranapraia.com.br\/index.php\/wp-json\/wp\/v2\/posts\/46182\/revisions"}],"predecessor-version":[{"id":46184,"href":"https:\/\/www.paranapraia.com.br\/index.php\/wp-json\/wp\/v2\/posts\/46182\/revisions\/46184"}],"wp:featuredmedia":[{"embeddable":true,"href":"https:\/\/www.paranapraia.com.br\/index.php\/wp-json\/wp\/v2\/media\/46183"}],"wp:attachment":[{"href":"https:\/\/www.paranapraia.com.br\/index.php\/wp-json\/wp\/v2\/media?parent=46182"}],"wp:term":[{"taxonomy":"category","embeddable":true,"href":"https:\/\/www.paranapraia.com.br\/index.php\/wp-json\/wp\/v2\/categories?post=46182"},{"taxonomy":"post_tag","embeddable":true,"href":"https:\/\/www.paranapraia.com.br\/index.php\/wp-json\/wp\/v2\/tags?post=46182"}],"curies":[{"name":"wp","href":"https:\/\/api.w.org\/{rel}","templated":true}]}}