{"id":46176,"date":"2023-05-02T15:16:17","date_gmt":"2023-05-02T18:16:17","guid":{"rendered":"https:\/\/www.paranapraia.com.br\/?p=46176"},"modified":"2023-05-02T15:16:18","modified_gmt":"2023-05-02T18:16:18","slug":"mutirao-de-empregos-ofertara-500-vagas-para-trabalhadores-acima-de-50-anos","status":"publish","type":"post","link":"https:\/\/www.paranapraia.com.br\/index.php\/2023\/05\/02\/mutirao-de-empregos-ofertara-500-vagas-para-trabalhadores-acima-de-50-anos\/","title":{"rendered":"Mutir\u00e3o de empregos ofertar\u00e1 500 vagas para trabalhadores acima de 50 anos"},"content":{"rendered":"\n<p>O Governo do Estado promove nesta quarta-feira (03) o primeiro dos quatro mutir\u00f5es de empregabilidade agendados para maio, m\u00eas do trabalhador. Realizado pela Ag\u00eancia do Trabalhador Central de Curitiba, este primeiro mutir\u00e3o tem foco na recoloca\u00e7\u00e3o de trabalhadores com 50 anos ou mais.<\/p>\n\n\n\n<p> Ser\u00e3o ofertadas 500 vagas de trabalho com carteira assinada.No mutir\u00e3o, 15 empresas da Capital far\u00e3o o processo de sele\u00e7\u00e3o, podendo ocorrer a contrata\u00e7\u00e3o imediata. Ser\u00e3o ofertadas vagas de emprego em diversas \u00e1reas, a maioria sem a necessidade de experi\u00eancia. <\/p>\n\n\n\n<p>Para o secret\u00e1rio do Trabalho, Qualifica\u00e7\u00e3o e Renda, Mauro Moraes, a recoloca\u00e7\u00e3o de pessoas com 50 anos ou mais no mercado de trabalho faz parte de um conjunto de estrat\u00e9gias adotadas pelo Governo do Estado para abrir oportunidades aos paranaenses e alavancar o Estado no ranking nacional de empregabilidade.<\/p>\n\n\n\n<p>\u201cTemos excelentes resultados na coloca\u00e7\u00e3o de jovens de 18 a 29 anos, fruto de a\u00e7\u00f5es pontuais, como mutir\u00f5es tem\u00e1ticos e programas de incentivo \u00e0 contrata\u00e7\u00e3o de jovens-aprendizes. Atualmente, somos o estado do Sul que mais emprega nesta faixa et\u00e1ria. Por isso, estamos confiantes de que a promo\u00e7\u00e3o frequente de a\u00e7\u00f5es direcionadas ao trabalhador mais maduro tamb\u00e9m ter\u00e1 bom desempenho e com consequente impacto no saldo de empregos gerados no Paran\u00e1&#8221;, avalia.<\/p>\n\n\n\n<p>DIA A DIA NORMAL &#8211; O atendimento realizado regularmente pela Ag\u00eancia do Trabalhador Central de Curitiba, como intermedia\u00e7\u00e3o de m\u00e3o de obra, cadastramento e seguro-desemprego, segue normalmente, apesar das atividades especiais do m\u00eas de maio. <\/p>\n\n\n\n<p>&#8220;N\u00e3o haver\u00e1 restri\u00e7\u00e3o alguma no atendimento, podendo haver at\u00e9 mesmo o encaminhamento de pessoas com menos de 50 anos para as vagas de emprego que est\u00e3o dispon\u00edveis para o perfil do mutir\u00e3o&#8221;, explica Rafael Santos, gerente da Ag\u00eancia do Trabalhador Central.<\/p>\n\n\n\n<p>MAIO &#8211; A programa\u00e7\u00e3o do m\u00eas do Trabalhador acontece todas \u00e0s quartas-feiras, das 9h \u00e0s 16h, na Ag\u00eancia Trabalhador de Curitiba, localizada na Rua Pedro Ivo, 503. As senhas ser\u00e3o entregues at\u00e9 as 12h. A programa\u00e7\u00e3o segue no dia 10 com o Mutir\u00e3o Empregabilidade Negra, seguido dos eventos para trabalhadores LGBTQIA+ (dia 17) e para pessoas com defici\u00eancia (dia 24).<\/p>\n\n\n\n<p>AEN<\/p>\n","protected":false},"excerpt":{"rendered":"<p>O Governo do Estado promove nesta quarta-feira (03) o primeiro dos quatro mutir\u00f5es de empregabilidade agendados para maio, m\u00eas do trabalhador. Realizado pela Ag\u00eancia do Trabalhador Central de Curitiba, este primeiro mutir\u00e3o tem foco na recoloca\u00e7\u00e3o de trabalhadores com 50 anos ou mais. Ser\u00e3o ofertadas 500 vagas de trabalho com carteira assinada.No mutir\u00e3o, 15 empresas [&hellip;]<\/p>\n","protected":false},"author":2,"featured_media":46177,"comment_status":"open","ping_status":"open","sticky":false,"template":"","format":"standard","meta":{"advanced_seo_description":"","jetpack_seo_html_title":"","jetpack_seo_noindex":false,"_jetpack_memberships_contains_paid_content":false,"footnotes":""},"categories":[40],"tags":[],"class_list":{"0":"post-46176","1":"post","2":"type-post","3":"status-publish","4":"format-standard","5":"has-post-thumbnail","7":"category-destaques"},"jetpack_featured_media_url":"https:\/\/www.paranapraia.com.br\/wp-content\/uploads\/2023\/05\/20220512_agb_mutirao_emprego-10-scaled.jpg","jetpack_sharing_enabled":true,"_links":{"self":[{"href":"https:\/\/www.paranapraia.com.br\/index.php\/wp-json\/wp\/v2\/posts\/46176"}],"collection":[{"href":"https:\/\/www.paranapraia.com.br\/index.php\/wp-json\/wp\/v2\/posts"}],"about":[{"href":"https:\/\/www.paranapraia.com.br\/index.php\/wp-json\/wp\/v2\/types\/post"}],"author":[{"embeddable":true,"href":"https:\/\/www.paranapraia.com.br\/index.php\/wp-json\/wp\/v2\/users\/2"}],"replies":[{"embeddable":true,"href":"https:\/\/www.paranapraia.com.br\/index.php\/wp-json\/wp\/v2\/comments?post=46176"}],"version-history":[{"count":1,"href":"https:\/\/www.paranapraia.com.br\/index.php\/wp-json\/wp\/v2\/posts\/46176\/revisions"}],"predecessor-version":[{"id":46178,"href":"https:\/\/www.paranapraia.com.br\/index.php\/wp-json\/wp\/v2\/posts\/46176\/revisions\/46178"}],"wp:featuredmedia":[{"embeddable":true,"href":"https:\/\/www.paranapraia.com.br\/index.php\/wp-json\/wp\/v2\/media\/46177"}],"wp:attachment":[{"href":"https:\/\/www.paranapraia.com.br\/index.php\/wp-json\/wp\/v2\/media?parent=46176"}],"wp:term":[{"taxonomy":"category","embeddable":true,"href":"https:\/\/www.paranapraia.com.br\/index.php\/wp-json\/wp\/v2\/categories?post=46176"},{"taxonomy":"post_tag","embeddable":true,"href":"https:\/\/www.paranapraia.com.br\/index.php\/wp-json\/wp\/v2\/tags?post=46176"}],"curies":[{"name":"wp","href":"https:\/\/api.w.org\/{rel}","templated":true}]}}