{"id":46169,"date":"2023-05-02T15:05:07","date_gmt":"2023-05-02T18:05:07","guid":{"rendered":"https:\/\/www.paranapraia.com.br\/?p=46169"},"modified":"2023-05-02T15:05:08","modified_gmt":"2023-05-02T18:05:08","slug":"festa-do-trabalhador-reune-25-mil-pessoas-no-aeroparque","status":"publish","type":"post","link":"https:\/\/www.paranapraia.com.br\/index.php\/2023\/05\/02\/festa-do-trabalhador-reune-25-mil-pessoas-no-aeroparque\/","title":{"rendered":"Festa do Trabalhador re\u00fane 25 mil pessoas no Aeroparque"},"content":{"rendered":"\n<p>A Festa do Trabalhador, promovida pela Prefeitura de Paranagu\u00e1, reuniu cerca de 25 mil pessoas nesta segunda-feira, 01, no Aeroparque. O evento que iniciou \u00e0s 13h com a apresenta\u00e7\u00e3o de Edison &amp; Lucas seguiu at\u00e9 \u00e0s 20h com o sorteio de uma motocicleta 0 km.<\/p>\n\n\n\n<p>Durante o dia do trabalho, a popula\u00e7\u00e3o p\u00f4de prestigiar as atra\u00e7\u00f5es art\u00edsticas \u2013 que incluiu shows de Santa Vibe e Leefigarroo \u2013 al\u00e9m de visitar \u00e1reas gastron\u00f4micas, culturais e at\u00e9 a feira de ado\u00e7\u00e3o de animais. J\u00e1 o p\u00fablico infantil, aproveitou as atividades de rea\u00e7\u00e3o gratuitas. O evento contou com a promo\u00e7\u00e3o da R\u00e1dio Litoral Sul FM.<\/p>\n\n\n\n<figure class=\"wp-block-image size-large\"><img loading=\"lazy\" decoding=\"async\" width=\"1000\" height=\"623\" src=\"https:\/\/www.paranapraia.com.br\/wp-content\/uploads\/2023\/05\/Screenshot_2023-05-02-15-01-43-410-edit_com.facebook.katana.jpg\" alt=\"\" class=\"wp-image-46171\" srcset=\"https:\/\/www.paranapraia.com.br\/wp-content\/uploads\/2023\/05\/Screenshot_2023-05-02-15-01-43-410-edit_com.facebook.katana.jpg 1000w, https:\/\/www.paranapraia.com.br\/wp-content\/uploads\/2023\/05\/Screenshot_2023-05-02-15-01-43-410-edit_com.facebook.katana-300x187.jpg 300w, https:\/\/www.paranapraia.com.br\/wp-content\/uploads\/2023\/05\/Screenshot_2023-05-02-15-01-43-410-edit_com.facebook.katana-768x478.jpg 768w, https:\/\/www.paranapraia.com.br\/wp-content\/uploads\/2023\/05\/Screenshot_2023-05-02-15-01-43-410-edit_com.facebook.katana-696x434.jpg 696w, https:\/\/www.paranapraia.com.br\/wp-content\/uploads\/2023\/05\/Screenshot_2023-05-02-15-01-43-410-edit_com.facebook.katana-674x420.jpg 674w\" sizes=\"(max-width: 1000px) 100vw, 1000px\" \/><\/figure>\n\n\n\n<p>\u201cPreparamos tudo com muita dedica\u00e7\u00e3o e com o apoio de todas as secretarias municipais. Quer\u00edamos oferecer uma festa \u00e0 altura do trabalhador para juntos comemorarmos este dia t\u00e3o importante. Foi uma festa que superou nossas expectativas\u201d, disse o secret\u00e1rio de Trabalho, Emprego e Assuntos Sindicais, Jo\u00e3o Lozano.<\/p>\n\n\n\n<p>A Secretaria Municipal de Cultura e Turismo tamb\u00e9m esteve envolvida na organiza\u00e7\u00e3o. \u201c\u00c9 sempre um prazer celebrar o dia dos trabalhadores com o nosso povo, sobretudo com a retomada deste importante evento. O saldo p\u00f3s-evento \u00e9 positivo\u201d, salientou a secret\u00e1ria Maria Plahtyn.Mais de 60 pr\u00eamios foram sorteados aos trabalhadores que trocaram 1 kg durante todo o evento por um cupom.<\/p>\n\n\n\n<p> Cerca de 4 toneladas de alimentos foram arrecadados com a a\u00e7\u00e3o solid\u00e1ria e ser\u00e3o destinados para a Secretaria Municipal de Assist\u00eancia Social e Provopar de Paranagu\u00e1.<\/p>\n\n\n\n<p>Confira os principais ganhadores<\/p>\n\n\n\n<p>&#8211; Bicicleta: Silvana Ferreira \u2013 Padre Jackson<\/p>\n\n\n\n<p>&#8211; Bicicleta: Marilene de Souza &#8211; Estradinha<\/p>\n\n\n\n<p>&#8211; Bicicleta: Kethelly Francisco \u2013 Ouro Fino<\/p>\n\n\n\n<p>&#8211; Bicicleta: Geremias Pereira \u2013 Vila Guarani- Bicicleta: Adilson Cordeiro \u2013 Ouro Fino<\/p>\n\n\n\n<p>&#8211; Bicicleta: Drielen \u2013 Sem bairro informado<\/p>\n\n\n\n<p>&#8211; Bicicleta: Aline Ramos &#8211; Sem bairro informado<\/p>\n\n\n\n<p>&#8211; Televisor: Cleverson Neves \u2013 Vila Horizonte<\/p>\n\n\n\n<p>&#8211; Televisor: Jos\u00e9 Luiz \u2013 Vila Portu\u00e1ria<\/p>\n\n\n\n<p>&#8211; Smartphone: Rita De C\u00e1ssia \u2013 S\u00e3o Vicente<\/p>\n\n\n\n<p>&#8211; Smartphone: Patricia \u2013 Sem bairro informado<\/p>\n\n\n\n<p>&#8211; Notebook: Jos\u00e9 Alves Silva \u2013 Sem bairro informado<\/p>\n\n\n\n<p>&#8211; Moto 0km: Marcos Fonseca \u2013 Jardim Paran\u00e1<\/p>\n\n\n\n<p>Assessoria<\/p>\n","protected":false},"excerpt":{"rendered":"<p>A Festa do Trabalhador, promovida pela Prefeitura de Paranagu\u00e1, reuniu cerca de 25 mil pessoas nesta segunda-feira, 01, no Aeroparque. O evento que iniciou \u00e0s 13h com a apresenta\u00e7\u00e3o de Edison &amp; Lucas seguiu at\u00e9 \u00e0s 20h com o sorteio de uma motocicleta 0 km. Durante o dia do trabalho, a popula\u00e7\u00e3o p\u00f4de prestigiar as [&hellip;]<\/p>\n","protected":false},"author":2,"featured_media":46170,"comment_status":"open","ping_status":"open","sticky":false,"template":"","format":"standard","meta":{"advanced_seo_description":"","jetpack_seo_html_title":"","jetpack_seo_noindex":false,"_jetpack_memberships_contains_paid_content":false,"footnotes":""},"categories":[40],"tags":[],"class_list":{"0":"post-46169","1":"post","2":"type-post","3":"status-publish","4":"format-standard","5":"has-post-thumbnail","7":"category-destaques"},"jetpack_featured_media_url":"https:\/\/www.paranapraia.com.br\/wp-content\/uploads\/2023\/05\/Screenshot_2023-05-02-15-01-02-056-edit_com.facebook.katana.jpg","jetpack_sharing_enabled":true,"_links":{"self":[{"href":"https:\/\/www.paranapraia.com.br\/index.php\/wp-json\/wp\/v2\/posts\/46169"}],"collection":[{"href":"https:\/\/www.paranapraia.com.br\/index.php\/wp-json\/wp\/v2\/posts"}],"about":[{"href":"https:\/\/www.paranapraia.com.br\/index.php\/wp-json\/wp\/v2\/types\/post"}],"author":[{"embeddable":true,"href":"https:\/\/www.paranapraia.com.br\/index.php\/wp-json\/wp\/v2\/users\/2"}],"replies":[{"embeddable":true,"href":"https:\/\/www.paranapraia.com.br\/index.php\/wp-json\/wp\/v2\/comments?post=46169"}],"version-history":[{"count":1,"href":"https:\/\/www.paranapraia.com.br\/index.php\/wp-json\/wp\/v2\/posts\/46169\/revisions"}],"predecessor-version":[{"id":46172,"href":"https:\/\/www.paranapraia.com.br\/index.php\/wp-json\/wp\/v2\/posts\/46169\/revisions\/46172"}],"wp:featuredmedia":[{"embeddable":true,"href":"https:\/\/www.paranapraia.com.br\/index.php\/wp-json\/wp\/v2\/media\/46170"}],"wp:attachment":[{"href":"https:\/\/www.paranapraia.com.br\/index.php\/wp-json\/wp\/v2\/media?parent=46169"}],"wp:term":[{"taxonomy":"category","embeddable":true,"href":"https:\/\/www.paranapraia.com.br\/index.php\/wp-json\/wp\/v2\/categories?post=46169"},{"taxonomy":"post_tag","embeddable":true,"href":"https:\/\/www.paranapraia.com.br\/index.php\/wp-json\/wp\/v2\/tags?post=46169"}],"curies":[{"name":"wp","href":"https:\/\/api.w.org\/{rel}","templated":true}]}}