{"id":46163,"date":"2023-05-02T14:06:22","date_gmt":"2023-05-02T17:06:22","guid":{"rendered":"https:\/\/www.paranapraia.com.br\/?p=46163"},"modified":"2023-05-02T14:06:23","modified_gmt":"2023-05-02T17:06:23","slug":"com-r-100-milhoes-de-bolsas-e-apoio-estado-anuncia-maior-pacote-da-historia-do-esporte","status":"publish","type":"post","link":"https:\/\/www.paranapraia.com.br\/index.php\/2023\/05\/02\/com-r-100-milhoes-de-bolsas-e-apoio-estado-anuncia-maior-pacote-da-historia-do-esporte\/","title":{"rendered":"Com R$ 100 milh\u00f5es de bolsas e apoio, Estado anuncia maior pacote da hist\u00f3ria do esporte"},"content":{"rendered":"\n<p>O governador Carlos Massa Ratinho Junior anunciou nesta ter\u00e7a-feira (2) a libera\u00e7\u00e3o de quase R$ 100 milh\u00f5es em recursos destinados ao esporte paranaense, durante um evento no Gin\u00e1sio do Tarum\u00e3, em Curitiba. \u00c9 o maior an\u00fancio da hist\u00f3ria dentro dos programas esportivos. A libera\u00e7\u00e3o ser\u00e1 destinada para uma s\u00e9rie de programas estaduais como o Proesporte e o Gera\u00e7\u00e3o Ol\u00edmpica e Paral\u00edmpica, al\u00e9m da compra de kits esportivos para alunos das escolas estaduais.<\/p>\n\n\n\n<p>\u201cTrata-se do maior investimento da hist\u00f3ria para o nosso esporte. Desde a inf\u00e2ncia at\u00e9 a terceira idade, todas as \u00e1reas e modalidades ser\u00e3o contempladas. O Paran\u00e1 est\u00e1 fazendo o maior investimento dos \u00faltimos anos no Proesporte e tamb\u00e9m somos o Estado com os maiores investimentos em atletas de alto rendimento que disputam campeonatos nacionais e internacionais e se preparam para ir para as Olimp\u00edadas e Paraolimp\u00edadas\u201d, destacou Ratinho Junior.<\/p>\n\n\n\n<p>A maior parte do recurso foi destinada ao Proesporte, programa viabilizado pela lei de incentivo que busca promover a inclus\u00e3o social por meio da pr\u00e1tica esportiva. S\u00e3o R$ 50 milh\u00f5es para a execu\u00e7\u00e3o de projetos esportivos em 2024 e 2025 \u2013 aumento exponencial em rela\u00e7\u00e3o ao edital de 2020, de R$ 9 milh\u00f5es. O paradesporto, que contempla os atletas com defici\u00eancia, tem direito a no m\u00ednimo 20% do total. A expectativa \u00e9 que sejam atendidos quase 500 projetos com valores que podem chegar at\u00e9 R$ 500 mil, mediante ades\u00e3o.<\/p>\n\n\n\n<p>O secret\u00e1rio do Esporte, Helio Wirbiski, destacou que a gest\u00e3o tem fortalecido as atividades esportivas no Estado, inclusive com refor\u00e7o nas a\u00e7\u00f5es paradesportivas. \u201c\u00c9 um grande an\u00fancio do esporte paranaense. Com certeza esse dinheiro vai incentivar todas as modalidades esportivas no Paran\u00e1. O Estado tem parceria com todos os segmentos e vamos alcan\u00e7ar in\u00fameros projetos. \u00c9 um dia de gl\u00f3ria para o esporte\u201d, comemorou.<\/p>\n\n\n\n<p>Por meio do&nbsp;<a href=\"https:\/\/www.esporte.pr.gov.br\/Pagina\/Proesporte-Lei-de-Incentivo\" target=\"_blank\" rel=\"noreferrer noopener\">Proesporte<\/a>, empresas de qualquer semento podem aplicar parte do ICMS devido em prol do esporte. A Copel \u00e9 a maior contribuinte do programa e exemplo de ades\u00e3o. Ao todo, a companhia j\u00e1 repassou R$ 22,7 milh\u00f5es, valor que atendeu 209 projetos nas mais variadas \u00e1reas e em todas as regi\u00f5es do Paran\u00e1.<\/p>\n\n\n\n<p>Isadora Ven\u00e2ncio, atleta paral\u00edmpica de Corn\u00e9lio Proc\u00f3pio, no Norte, \u00e9 uma das primeiras colocadas em rankings nacionais de competi\u00e7\u00f5es de corrida em 500m e 800m. Segundo ela, o Proesporte contribuiu para a sua jornada na modalidade. \u201cEle fez a diferen\u00e7a na minha vida e na de muitos que est\u00e3o aqui. Sou deficiente visual e h\u00e1 8 meses sou atleta com incentivo do programa. O esporte salva vidas e o Paradesporto \u00e9 uma forma linda de inclus\u00e3o, tenho certeza que todos os atletas PCDs est\u00e3o sentindo a mesma coisa que eu\u201d, disse.<\/p>\n\n\n\n<p><strong>GERA\u00c7\u00c3O OL\u00cdMPICA E PARAL\u00cdMPICA&nbsp;<\/strong>\u2013 Tamb\u00e9m foram anunciados R$ 5,2 milh\u00f5es, por meio da Copel, para o Gera\u00e7\u00e3o Ol\u00edmpica e Paral\u00edmpica, maior programa estadual de bolsas atletas de todo o Pa\u00eds. Ser\u00e3o 1.298 bolsas para atletas e t\u00e9cnicos do Paran\u00e1, 138 a mais em rela\u00e7\u00e3o ao ano passado (aumento de 12%). O investimento anual era o mesmo desde 2016, portanto, o aumento do aporte financeiro atende de forma mais eficaz a demanda de atletas e t\u00e9cnicos do Estado.<\/p>\n\n\n\n<p>S\u00e3o seis categorias: formador escolar (402 vagas), destinada a atletas de 11 a 17 anos; t\u00e9cnico formador escolar (60 vagas), para t\u00e9cnicos que participaram dos Jogos Escolares do Paran\u00e1 em 2022; estadual de Entidade de Administra\u00e7\u00e3o do Desporto (400 vagas), para atletas de 11 a 21 anos, praticantes de modalidades ol\u00edmpicas ou paral\u00edmpicas oficiais; t\u00e9cnico de Entidade de Administra\u00e7\u00e3o do Desporto (70 vagas),&nbsp;para os t\u00e9cnicos que treinam atletas ou equipes no Estado de modalidades ol\u00edmpicas ou paral\u00edmpicas oficiais; nacional (300 vagas), para atletas com trajet\u00f3ria de reconhecimento esportivo e resultados expressivos; e internacional (66 vagas), que representam o Paran\u00e1 em competi\u00e7\u00f5es fora do Brasil.<\/p>\n\n\n\n<p>Na categoria internacional, por exemplo, o aumento foi de R$ 500. As categorias com atletas de elite e a de forma\u00e7\u00e3o foram as que tiveram os principais incrementos em n\u00famero de vagas, valorizando as duas pontas do ciclo do esporte. Nesta semana, foram abertas as inscri\u00e7\u00f5es para o programa e os formul\u00e1rios ficam abertos at\u00e9 o dia 5 de maio, \u00e0s 23h59 (hor\u00e1rio de Bras\u00edlia). As inscri\u00e7\u00f5es podem ser feitas&nbsp;<a href=\"https:\/\/www.esporte.pr.gov.br\/form\/geracao-olimpica-2023\" target=\"_blank\" rel=\"noreferrer noopener\">AQUI<\/a>.<\/p>\n\n\n\n<p>Os recursos destinados ao Gera\u00e7\u00e3o Ol\u00edmpica e Paral\u00edmpica ser\u00e3o importantes para os atletas e que o foco est\u00e1 em prepar\u00e1-los para as Olimp\u00edadas de Paris em 2024.&nbsp;A coordenadora do programa, Denise Golfieri, afirma que o objetivo do programa \u00e9 tornar o Estado do Paran\u00e1 refer\u00eancia no Brasil no esporte ol\u00edmpico e paral\u00edmpico, valorizando seus atuais talentos esportivos nos \u00e2mbitos estadual, nacional e internacional.<\/p>\n\n\n\n<p>\u201cConseguimos esse ano um valor maior de repasse para as bolsas e alguns valores de categorias puderam ser ajustados. A Copel est\u00e1 ajudando a alavancar ainda mais a carreira esportiva dos nossos t\u00e9cnicos e atletas e com isso vamos fortalecendo o esporte no Paran\u00e1\u201d, afirmou.<\/p>\n\n\n\n<p><strong>OUTROS PROGRAMAS<\/strong>&nbsp;\u2013 Tamb\u00e9m foram destinados mais de R$ 30 milh\u00f5es para os Jogos Escolares Oficiais e quase R$ 5 milh\u00f5es para compra de materiais esportivos, viabilizados por meio da Secretaria de Estado da Educa\u00e7\u00e3o. Os kits esportivos v\u00e3o impactar 32 N\u00facleos Regionais de Educa\u00e7\u00e3o, 355 munic\u00edpios e 1.068 escolas da rede estadual do Paran\u00e1. Ser\u00e3o beneficiados mais de 31 mil estudantes matriculados nas Aulas Especializadas de Treinamento Esportivo (AETE).<\/p>\n\n\n\n<p>\u201cCom esses kits, a ideia \u00e9 fazer com que nossos jovens possam estar cada vez mais perto dos esportes e longe das drogas e coisas erradas. O esporte \u00e9 algo maravilhoso na vida das pessoas. Estamos fazendo esse investimento para que as pessoas possam viver melhor\u201d, ressaltou o governador.<\/p>\n\n\n\n<p>Para o secret\u00e1rio estadual da Educa\u00e7\u00e3o, Roni Miranda, o trabalho conjunto entre educa\u00e7\u00e3o e esporte tem dado bons frutos. &#8220;Os Jogos Escolares s\u00e3o uma tradi\u00e7\u00e3o na educa\u00e7\u00e3o do Paran\u00e1. Fomos campe\u00f5es da Olimp\u00edada Brasileira dos Jogos Escolares e isso \u00e9 fruto de investimento\u201d, disse. \u201cAgora, com todo esse material que vamos fornecer para as escolas, vamos fazer com que nossos professores de educa\u00e7\u00e3o f\u00edsica tenham melhores condi\u00e7\u00f5es de trabalho para atender nossas crian\u00e7as\u201d.<\/p>\n\n\n\n<p>A 69\u00aa edi\u00e7\u00e3o dos Jogos Escolares do Paran\u00e1 tem 32 fases regionais. A primeira etapa, de 16 fases, acontece entre os dias 5 e 10 de maio. A fase regional de Curitiba ser\u00e1 entre os dias 11 e 21. No total, os jogos contam com a participa\u00e7\u00e3o de 50 mil estudantes e quase duas dezenas de modalidades esportivas voltadas para alunos, inclusive com defici\u00eancias.<\/p>\n\n\n\n<figure class=\"wp-block-image\"><a href=\"https:\/\/www.aen.pr.gov.br\/Galeria-de-Imagens\/GOVERNADOR-INCENTIVO-AO-ESPORTE#&amp;gid=1&amp;pid=48\"><img decoding=\"async\" src=\"https:\/\/www.aen.pr.gov.br\/sites\/default\/arquivos_restritos\/files\/imagem\/2023-05\/truma_61_0.jpg\" alt=\"incentico ao esporte\"\/><\/a><figcaption>Governador comemora an\u00fancio ao lado dos atletas paranaenses. Foto: Albari Rosa\/AEN<\/figcaption><\/figure>\n\n\n\n<p><br><strong>TEA&nbsp;<\/strong>\u2013 No evento, houve ainda um an\u00fancio da amplia\u00e7\u00e3o do projeto Transformando o Esporte em Amor (TEA), que j\u00e1 existe no Gin\u00e1sio do Tarum\u00e3 e que agora atender\u00e1 crian\u00e7as com defici\u00eancia, em uma a\u00e7\u00e3o que visa promover a sa\u00fade, coordena\u00e7\u00e3o motora e, sobretudo, a inclus\u00e3o. S\u00e3o desenvolvidas atividades em&nbsp;t\u00eanis, basquete, futebol, corrida, e outros.<\/p>\n\n\n\n<p><strong>PISTA DE SKATE<\/strong>&nbsp;\u2013 O governador tamb\u00e9m visitou a obra do Centro de Treinamento Ol\u00edmpico de Skate, que est\u00e1 sendo constru\u00eddo em anexo ao gin\u00e1sio. A iniciativa \u00e9 fruto de um termo de coopera\u00e7\u00e3o t\u00e9cnica entre o Governo do Estado, a Federa\u00e7\u00e3o de Skate do Paran\u00e1 e a Confedera\u00e7\u00e3o Brasileira de Skate (CBSK), assinado em dezembro do ano passado.<\/p>\n\n\n\n<p>Com um or\u00e7amento de R$ 3,6 milh\u00f5es, o projeto contempla duas pistas oficiais, das modalidades park e street, que estrearam como esporte ol\u00edmpico em T\u00f3quio 2020. As pistas servir\u00e3o como centro de treinamento oficial de sele\u00e7\u00f5es brasileiras (jovens ou adultas), visando \u00e0 participa\u00e7\u00e3o de atletas em competi\u00e7\u00f5es internacionais e olimp\u00edadas. Al\u00e9m do importante papel junto ao esporte de rendimento, o espa\u00e7o tamb\u00e9m proporcionar\u00e1 a forma\u00e7\u00e3o esportiva e o apoio a projetos sociais da regi\u00e3o.<\/p>\n\n\n\n<p><strong>PRESEN\u00c7AS\u00a0<\/strong>\u2013 Participaram do evento os secret\u00e1rios estaduais do Planejamento, Guto Silva; das Cidades, Eduardo Pimentel; do Trabalho, Qualifica\u00e7\u00e3o e Renda, Mauro Moras, e da Justi\u00e7a, Santin Roveda; os deputados estaduais Hussein Bakri, Luiz Corti, Moacyr Fadel, Ad\u00e3o Litro, Gilberto Ribeiro, Marcia Hu\u00e7ulak e Thiago Buhrer; o presidente da Copel, Daniel Pimentel Slaviero; o diretor-presidente do Paran\u00e1 Esporte, Walmir da Silva Matos; os presidentes da Fundepar, Marcelo Pimentel Bueno, e do Conselho Estadual de Educa\u00e7\u00e3o, Jo\u00e3o Carlos Gomes; os coordenadores do projeto TEA, Denise Mendon\u00e7a Bueno; o coordenador do Paradesporto; M\u00e1rio S\u00e9rgio Fontes; o coordenador dos Jogos Escolares do Paran\u00e1, M\u00e1rcia Tomadon; e o\u00a0coordenador do Proesporte, Ot\u00e1vio Vin\u00edcius Valente Taguchi.<\/p>\n\n\n\n<p>AEN<\/p>\n","protected":false},"excerpt":{"rendered":"<p>O governador Carlos Massa Ratinho Junior anunciou nesta ter\u00e7a-feira (2) a libera\u00e7\u00e3o de quase R$ 100 milh\u00f5es em recursos destinados ao esporte paranaense, durante um evento no Gin\u00e1sio do Tarum\u00e3, em Curitiba. \u00c9 o maior an\u00fancio da hist\u00f3ria dentro dos programas esportivos. A libera\u00e7\u00e3o ser\u00e1 destinada para uma s\u00e9rie de programas estaduais como o Proesporte [&hellip;]<\/p>\n","protected":false},"author":2,"featured_media":46164,"comment_status":"open","ping_status":"open","sticky":false,"template":"","format":"standard","meta":{"advanced_seo_description":"","jetpack_seo_html_title":"","jetpack_seo_noindex":false,"_jetpack_memberships_contains_paid_content":false,"footnotes":""},"categories":[40],"tags":[],"class_list":{"0":"post-46163","1":"post","2":"type-post","3":"status-publish","4":"format-standard","5":"has-post-thumbnail","7":"category-destaques"},"jetpack_featured_media_url":"https:\/\/www.paranapraia.com.br\/wp-content\/uploads\/2023\/05\/truma_55_0-scaled.jpg","jetpack_sharing_enabled":true,"_links":{"self":[{"href":"https:\/\/www.paranapraia.com.br\/index.php\/wp-json\/wp\/v2\/posts\/46163"}],"collection":[{"href":"https:\/\/www.paranapraia.com.br\/index.php\/wp-json\/wp\/v2\/posts"}],"about":[{"href":"https:\/\/www.paranapraia.com.br\/index.php\/wp-json\/wp\/v2\/types\/post"}],"author":[{"embeddable":true,"href":"https:\/\/www.paranapraia.com.br\/index.php\/wp-json\/wp\/v2\/users\/2"}],"replies":[{"embeddable":true,"href":"https:\/\/www.paranapraia.com.br\/index.php\/wp-json\/wp\/v2\/comments?post=46163"}],"version-history":[{"count":1,"href":"https:\/\/www.paranapraia.com.br\/index.php\/wp-json\/wp\/v2\/posts\/46163\/revisions"}],"predecessor-version":[{"id":46165,"href":"https:\/\/www.paranapraia.com.br\/index.php\/wp-json\/wp\/v2\/posts\/46163\/revisions\/46165"}],"wp:featuredmedia":[{"embeddable":true,"href":"https:\/\/www.paranapraia.com.br\/index.php\/wp-json\/wp\/v2\/media\/46164"}],"wp:attachment":[{"href":"https:\/\/www.paranapraia.com.br\/index.php\/wp-json\/wp\/v2\/media?parent=46163"}],"wp:term":[{"taxonomy":"category","embeddable":true,"href":"https:\/\/www.paranapraia.com.br\/index.php\/wp-json\/wp\/v2\/categories?post=46163"},{"taxonomy":"post_tag","embeddable":true,"href":"https:\/\/www.paranapraia.com.br\/index.php\/wp-json\/wp\/v2\/tags?post=46163"}],"curies":[{"name":"wp","href":"https:\/\/api.w.org\/{rel}","templated":true}]}}