{"id":46160,"date":"2023-05-02T13:16:11","date_gmt":"2023-05-02T16:16:11","guid":{"rendered":"https:\/\/www.paranapraia.com.br\/?p=46160"},"modified":"2023-05-02T13:16:12","modified_gmt":"2023-05-02T16:16:12","slug":"cientistas-descobrem-como-cabelos-ficam-brancos-e-prometem-cura","status":"publish","type":"post","link":"https:\/\/www.paranapraia.com.br\/index.php\/2023\/05\/02\/cientistas-descobrem-como-cabelos-ficam-brancos-e-prometem-cura\/","title":{"rendered":"Cientistas descobrem como cabelos ficam brancos e prometem &#8220;cura&#8221;"},"content":{"rendered":"\n<p>Cientistas da New York University (NYU) relatam ter descoberto o mecanismo por tr\u00e1s dos\u00a0cabelos grisalhos, uma rela\u00e7\u00e3o direta com c\u00e9lulas-tronco e melan\u00f3citos (c\u00e9lulas respons\u00e1veis pela pigmenta\u00e7\u00e3o) dos fol\u00edculos capilares. Com o achado, poder\u00e3o ser desenvolvidos tratamentos celulares para reverter ou, ao menos, frear o processo de embranquecimento dos fios. Uma pesquisa detalhando a descoberta foi publicada na revista\u00a0<em>Nature<\/em>.<\/p>\n\n\n\n<p>Algumas c\u00e9lulas-tronco \u2014 capazes de se tornar outros tipos de c\u00e9lula por todo o corpo \u2014 t\u00eam a habilidade \u00fanica de viajar entre diferentes compartimentos de crescimento dentro dos fol\u00edculos\u00a0capilares, executando suas fun\u00e7\u00f5es de matura\u00e7\u00e3o e colora\u00e7\u00e3o dos fios. Com o tempo, descobriram os cientistas, elas perdem a habilidade de se mover, se \u201cperdendo\u201d e deixando os cabelos grisalhos.<\/p>\n\n\n\n<figure class=\"wp-block-image\"><img decoding=\"async\" src=\"https:\/\/t.ctcdn.com.br\/bWwLW4U1RP2nTMVI7PAhDWRKjXk=\/1024x0\/smart\/filters:format(webp)\/i641318.jpeg\" alt=\"\"\/><figcaption>Os fios brancos surgem quando c\u00e9lulas-tronco melan\u00f3ticas ficam presas nos fol\u00edculos capilares, mas descoberta ainda precisa ser confirmada por outras pesquisas (Imagem: Myjuly\/Envato)<\/figcaption><\/figure>\n\n\n\n<h2 class=\"wp-block-heading\">Haver\u00e1 cura para os cabelos brancos?<\/h2>\n\n\n\n<p>Os cientistas da Escola de Medicina Grossman da NYU, respons\u00e1veis pelo estudo, afirmam que uma confirma\u00e7\u00e3o de sua descoberta por an\u00e1lises posteriores poder\u00e1, sim, nos trazer uma revers\u00e3o ou preven\u00e7\u00e3o para o surgimento dos&nbsp;<a href=\"https:\/\/canaltech.com.br\/saude\/por-que-quimioterapia-faz-o-cabelo-cair-e-nascer-diferente-depois-211036\/\">fios&nbsp;<\/a>brancos. A pesquisa analisou as c\u00e9lulas da pele de camundongos \u2014 mais especificamente, c\u00e9lulas-tronco melan\u00f3ticas, ou McSCs \u2014, ent\u00e3o ainda \u00e9 necess\u00e1rio avaliar se o processo ocorre da exata mesma forma em humanos.<\/p>\n\n\n\n<p>O posicionamento dos McSCs nos fol\u00edculos parece ser o mecanismo principal de matura\u00e7\u00e3o dos fios. Ao ajudar melan\u00f3citos presos a se mover novamente, as prote\u00ednas pigmentares respons\u00e1veis pela cor poder\u00e3o chegar novamente onde devem, e \u00e9 a\u00ed que est\u00e1 a promessa da descoberta. A cor dos cabelos \u00e9 controlada pela multiplica\u00e7\u00e3o dessas c\u00e9lulas-tronco nos fol\u00edculos, o que ocorre continuamente.<\/p>\n\n\n\n<figure class=\"wp-block-image\"><img decoding=\"async\" src=\"https:\/\/t.ctcdn.com.br\/YjGNrJzxrrByPui-DQT6z2LIUAs=\/1024x0\/smart\/filters:format(webp)\/i601948.jpeg\" alt=\"\"\/><figcaption>Descobrir uma maneira de movimentar as c\u00e9lulas-tronco nos fol\u00edculos capilares para que voltem a cumprir sua fun\u00e7\u00e3o ao maturar poder\u00e1 reverter ou parar o embranquecimento dos fios (Imagem: GiovanniCancemi\/Envato Elements)<\/figcaption><\/figure>\n\n\n\n<p>Durante o crescimento normal dos cabelos, as c\u00e9lulas continuam se movendo entre compartimentos de fios em desenvolvimento, onde s\u00e3o expostas a sinais que influenciam na sua maturidade. As McSCs mudam do seu estado mais primitivo de c\u00e9lula-tronco para o pr\u00f3ximo est\u00e1gio de matura\u00e7\u00e3o a depender do local onde est\u00e3o, e a falha nesse processo \u00e9 que causa o\u00a0embranquecimento.<\/p>\n\n\n\n<p>\u00c0 medida que envelhecemos, o cabelo cai e \u00e9 substitu\u00eddo, crescendo novamente. Ficando presas em compartimentos foliculares, as McSCs se acumulam e ali permanecem, sem mudar de estado de matura\u00e7\u00e3o. Resta saber como poderemos manipular tais c\u00e9lulas para que se movimentem novamente pelos fol\u00edculos \u2014 dispensando, finalmente, as tintas para cabelo.<\/p>\n\n\n\n<p>Fonte:&nbsp;<a href=\"https:\/\/www.nature.com\/articles\/s41586-023-05960-6\" target=\"_blank\" rel=\"noreferrer noopener\">Nature<\/a><\/p>\n","protected":false},"excerpt":{"rendered":"<p>Cientistas da New York University (NYU) relatam ter descoberto o mecanismo por tr\u00e1s dos\u00a0cabelos grisalhos, uma rela\u00e7\u00e3o direta com c\u00e9lulas-tronco e melan\u00f3citos (c\u00e9lulas respons\u00e1veis pela pigmenta\u00e7\u00e3o) dos fol\u00edculos capilares. Com o achado, poder\u00e3o ser desenvolvidos tratamentos celulares para reverter ou, ao menos, frear o processo de embranquecimento dos fios. Uma pesquisa detalhando a descoberta foi [&hellip;]<\/p>\n","protected":false},"author":2,"featured_media":46161,"comment_status":"open","ping_status":"open","sticky":false,"template":"","format":"standard","meta":{"advanced_seo_description":"","jetpack_seo_html_title":"","jetpack_seo_noindex":false,"_jetpack_memberships_contains_paid_content":false,"footnotes":""},"categories":[50],"tags":[],"class_list":{"0":"post-46160","1":"post","2":"type-post","3":"status-publish","4":"format-standard","5":"has-post-thumbnail","7":"category-saude"},"jetpack_featured_media_url":"https:\/\/www.paranapraia.com.br\/wp-content\/uploads\/2023\/05\/WhatsApp-Image-2023-05-02-at-12.57.06.jpeg","jetpack_sharing_enabled":true,"_links":{"self":[{"href":"https:\/\/www.paranapraia.com.br\/index.php\/wp-json\/wp\/v2\/posts\/46160"}],"collection":[{"href":"https:\/\/www.paranapraia.com.br\/index.php\/wp-json\/wp\/v2\/posts"}],"about":[{"href":"https:\/\/www.paranapraia.com.br\/index.php\/wp-json\/wp\/v2\/types\/post"}],"author":[{"embeddable":true,"href":"https:\/\/www.paranapraia.com.br\/index.php\/wp-json\/wp\/v2\/users\/2"}],"replies":[{"embeddable":true,"href":"https:\/\/www.paranapraia.com.br\/index.php\/wp-json\/wp\/v2\/comments?post=46160"}],"version-history":[{"count":1,"href":"https:\/\/www.paranapraia.com.br\/index.php\/wp-json\/wp\/v2\/posts\/46160\/revisions"}],"predecessor-version":[{"id":46162,"href":"https:\/\/www.paranapraia.com.br\/index.php\/wp-json\/wp\/v2\/posts\/46160\/revisions\/46162"}],"wp:featuredmedia":[{"embeddable":true,"href":"https:\/\/www.paranapraia.com.br\/index.php\/wp-json\/wp\/v2\/media\/46161"}],"wp:attachment":[{"href":"https:\/\/www.paranapraia.com.br\/index.php\/wp-json\/wp\/v2\/media?parent=46160"}],"wp:term":[{"taxonomy":"category","embeddable":true,"href":"https:\/\/www.paranapraia.com.br\/index.php\/wp-json\/wp\/v2\/categories?post=46160"},{"taxonomy":"post_tag","embeddable":true,"href":"https:\/\/www.paranapraia.com.br\/index.php\/wp-json\/wp\/v2\/tags?post=46160"}],"curies":[{"name":"wp","href":"https:\/\/api.w.org\/{rel}","templated":true}]}}