{"id":46157,"date":"2023-05-02T12:19:52","date_gmt":"2023-05-02T15:19:52","guid":{"rendered":"https:\/\/www.paranapraia.com.br\/?p=46157"},"modified":"2023-05-02T12:19:53","modified_gmt":"2023-05-02T15:19:53","slug":"pcpr-confecciona-308-carteiras-de-identidade-em-pontal-do-parana","status":"publish","type":"post","link":"https:\/\/www.paranapraia.com.br\/index.php\/2023\/05\/02\/pcpr-confecciona-308-carteiras-de-identidade-em-pontal-do-parana\/","title":{"rendered":"PCPR confecciona 308 carteiras de identidade em Pontal do Paran\u00e1"},"content":{"rendered":"\n<p>A Pol\u00edcia Civil do Paran\u00e1 (PCPR), em parceria com o Tribunal de Justi\u00e7a, a Secretaria de Justi\u00e7a e Cidadania e o Governo do Estado, levou servi\u00e7os \u00e0 popula\u00e7\u00e3o de Pontal do Paran\u00e1, no Litoral do Estado, na quinta-feira (27) e sexta-feira (28). Foram atendidas no evento mais de 600 pessoas e foram confeccionadas 308 carteiras de identidade.&nbsp;<\/p>\n\n\n\n<p>Durante o evento, os policiais civis repassaram orienta\u00e7\u00f5es sobre como realizar den\u00fancias, preven\u00e7\u00f5es e quais as medidas podem ser tomadas ao ser v\u00edtima de um crime. &nbsp;<\/p>\n\n\n\n<p>Tamb\u00e9m foram promovidas apresenta\u00e7\u00f5es com o armamento e equipamento do grupo T\u00e1tico Integrado de Grupos de Repress\u00e3o Especial da PCPR (Tigre) e disponibilizadas atividades para crian\u00e7as, como pinturas.&nbsp;<\/p>\n\n\n\n<p>A moradora de Pontal do Paran\u00e1, Leila Cristina, de 37 anos, foi ao evento para fazer a carteira de identidade dos dois filhos. \u201cEles estavam precisando fazer o RG, ent\u00e3o aproveitamos o evento para fazer o documento. Agendamos um hor\u00e1rio, viemos ao local e rapidamente fomos atendidos\u201d, conta.<\/p>\n\n\n\n<p>PROJETO \u2013 O PCPR na Comunidade \u00e9 um projeto que ocorre regularmente em todo o Paran\u00e1. Seu objetivo \u00e9 levar servi\u00e7os de pol\u00edcia judici\u00e1ria \u00e0 popula\u00e7\u00e3o, promover atendimento humanizado, auxiliar na identifica\u00e7\u00e3o de poss\u00edveis v\u00edtimas e na conclus\u00e3o de investiga\u00e7\u00f5es, al\u00e9m de fortalecer a efici\u00eancia na presta\u00e7\u00e3o do servi\u00e7o p\u00fablico e representar a institui\u00e7\u00e3o em atividades em prol da sociedade. &nbsp;<\/p>\n\n\n\n<p>SOLICITA\u00c7\u00c3O- Quem tiver interesse no projeto, pode enviar um e-mail para comunicacao@pc.pr.gov.br. O setor de comunica\u00e7\u00e3o da PCPR ir\u00e1 entrar em contato para alinhar todas as informa\u00e7\u00f5es e realizar o evento no local solicitado. Mais informa\u00e7\u00f5es sobre o projeto podem ser verificadas atrav\u00e9s do site (<a href=\"https:\/\/www.policiacivil.pr.gov.br\/Pagina\/PCPR-na-Comunidade\">https:\/\/www.policiacivil.pr.gov.br\/Pagina\/PCPR-na-Comunidade<\/a>).\u00a0<\/p>\n\n\n\n<p>PCPR<\/p>\n","protected":false},"excerpt":{"rendered":"<p>A Pol\u00edcia Civil do Paran\u00e1 (PCPR), em parceria com o Tribunal de Justi\u00e7a, a Secretaria de Justi\u00e7a e Cidadania e o Governo do Estado, levou servi\u00e7os \u00e0 popula\u00e7\u00e3o de Pontal do Paran\u00e1, no Litoral do Estado, na quinta-feira (27) e sexta-feira (28). Foram atendidas no evento mais de 600 pessoas e foram confeccionadas 308 carteiras [&hellip;]<\/p>\n","protected":false},"author":2,"featured_media":46158,"comment_status":"open","ping_status":"open","sticky":false,"template":"","format":"standard","meta":{"advanced_seo_description":"","jetpack_seo_html_title":"","jetpack_seo_noindex":false,"_jetpack_memberships_contains_paid_content":false,"footnotes":""},"categories":[65],"tags":[],"class_list":{"0":"post-46157","1":"post","2":"type-post","3":"status-publish","4":"format-standard","5":"has-post-thumbnail","7":"category-pontal-do-parana"},"jetpack_featured_media_url":"https:\/\/www.paranapraia.com.br\/wp-content\/uploads\/2023\/05\/1-scaled.jpg","jetpack_sharing_enabled":true,"_links":{"self":[{"href":"https:\/\/www.paranapraia.com.br\/index.php\/wp-json\/wp\/v2\/posts\/46157"}],"collection":[{"href":"https:\/\/www.paranapraia.com.br\/index.php\/wp-json\/wp\/v2\/posts"}],"about":[{"href":"https:\/\/www.paranapraia.com.br\/index.php\/wp-json\/wp\/v2\/types\/post"}],"author":[{"embeddable":true,"href":"https:\/\/www.paranapraia.com.br\/index.php\/wp-json\/wp\/v2\/users\/2"}],"replies":[{"embeddable":true,"href":"https:\/\/www.paranapraia.com.br\/index.php\/wp-json\/wp\/v2\/comments?post=46157"}],"version-history":[{"count":1,"href":"https:\/\/www.paranapraia.com.br\/index.php\/wp-json\/wp\/v2\/posts\/46157\/revisions"}],"predecessor-version":[{"id":46159,"href":"https:\/\/www.paranapraia.com.br\/index.php\/wp-json\/wp\/v2\/posts\/46157\/revisions\/46159"}],"wp:featuredmedia":[{"embeddable":true,"href":"https:\/\/www.paranapraia.com.br\/index.php\/wp-json\/wp\/v2\/media\/46158"}],"wp:attachment":[{"href":"https:\/\/www.paranapraia.com.br\/index.php\/wp-json\/wp\/v2\/media?parent=46157"}],"wp:term":[{"taxonomy":"category","embeddable":true,"href":"https:\/\/www.paranapraia.com.br\/index.php\/wp-json\/wp\/v2\/categories?post=46157"},{"taxonomy":"post_tag","embeddable":true,"href":"https:\/\/www.paranapraia.com.br\/index.php\/wp-json\/wp\/v2\/tags?post=46157"}],"curies":[{"name":"wp","href":"https:\/\/api.w.org\/{rel}","templated":true}]}}