{"id":46078,"date":"2023-05-02T11:26:09","date_gmt":"2023-05-02T14:26:09","guid":{"rendered":"https:\/\/www.paranapraia.com.br\/?p=46078"},"modified":"2023-05-02T11:26:10","modified_gmt":"2023-05-02T14:26:10","slug":"renovacao-das-matriculas-para-13-mil-estudantes-da-graduacao-da-uel-tem-inicio-nesta-terca","status":"publish","type":"post","link":"https:\/\/www.paranapraia.com.br\/index.php\/2023\/05\/02\/renovacao-das-matriculas-para-13-mil-estudantes-da-graduacao-da-uel-tem-inicio-nesta-terca\/","title":{"rendered":"Renova\u00e7\u00e3o das matr\u00edculas para 13 mil estudantes da gradua\u00e7\u00e3o da UEL tem in\u00edcio nesta ter\u00e7a"},"content":{"rendered":"\n<p>A Universidade Estadual de Londrina (UEL), por meio da Pr\u00f3-Reitoria de Gradua\u00e7\u00e3o (Prograd), orienta que seus estudantes fiquem atentos ao prazo de renova\u00e7\u00e3o das matr\u00edculas, que tem in\u00edcio nesta ter\u00e7a-feira (2) e se estende at\u00e9 \u00e0s 23h59 do dia 2 de junho. A renova\u00e7\u00e3o das matr\u00edculas n\u00e3o tem custo e deve ser realizada no Portal do Estudante de Gradua\u00e7\u00e3o.<\/p>\n\n\n\n<p>Essa confirma\u00e7\u00e3o \u00e9 obrigat\u00f3ria para todos os estudantes de gradua\u00e7\u00e3o regularmente matriculados, incluindo os prov\u00e1veis formandos e os que se encontram em situa\u00e7\u00e3o de trancamento de curso e desejam retornar no pr\u00f3ximo per\u00edodo letivo. J\u00e1 os estudantes que se encontram na situa\u00e7\u00e3o de desistentes devem realizar a rematr\u00edcula caso queiram retomar os estudos.<\/p>\n\n\n\n<p>Nesta oportunidade, os cerca de 13 mil alunos de gradua\u00e7\u00e3o da UEL tamb\u00e9m poder\u00e3o responder a um question\u00e1rio, que tem o objetivo de apurar de forma mais aprofundada quais fatores podem desencadear a desist\u00eancia dos estudantes nesta etapa da trajet\u00f3ria acad\u00eamica.&nbsp;Ele tamb\u00e9m estar\u00e1 dispon\u00edvel no Portal do Estudante.<\/p>\n\n\n\n<p>\u201cO objetivo \u00e9 saber quais motivos podem ser geradores da desist\u00eancia. Se s\u00e3o de ordem financeira, sa\u00fade na fam\u00edlia, dificuldades de transporte, hor\u00e1rios do curso, algum problema de rela\u00e7\u00e3o interpessoal\u201d, exemplifica a pr\u00f3-reitora de Gradua\u00e7\u00e3o da UEL, Ana M\u00e1rcia Fernandes Tucci de Carvalho. \u201cJ\u00e1 existem muitas pesquisas neste sentido, mas queremos aprofundar ainda mais e saber quais s\u00e3o estes motivos que poderiam ser geradores da desist\u00eancia\u201d.<\/p>\n\n\n\n<p>O question\u00e1rio leva cerca de tr\u00eas minutos para ser respondido e as respostas s\u00e3o sigilosas. A iniciativa \u00e9 das pr\u00f3-reitorias de Gradua\u00e7\u00e3o (Prograd); Pesquisa e P\u00f3s-gradua\u00e7\u00e3o (ProPPG); Extens\u00e3o Cultura e Sociedade (Proex) e Planejamento (Proplan) e setores como o Servi\u00e7o de Bem-estar \u00e0 Comunidade (Sebec),\u00a0Coordenadoria de Processos Seletivos (Cops) e Programa de Apoio \u00e0 Perman\u00eancia (Prope).<\/p>\n\n\n\n<p>AEN<\/p>\n","protected":false},"excerpt":{"rendered":"<p>A Universidade Estadual de Londrina (UEL), por meio da Pr\u00f3-Reitoria de Gradua\u00e7\u00e3o (Prograd), orienta que seus estudantes fiquem atentos ao prazo de renova\u00e7\u00e3o das matr\u00edculas, que tem in\u00edcio nesta ter\u00e7a-feira (2) e se estende at\u00e9 \u00e0s 23h59 do dia 2 de junho. A renova\u00e7\u00e3o das matr\u00edculas n\u00e3o tem custo e deve ser realizada no Portal [&hellip;]<\/p>\n","protected":false},"author":2,"featured_media":46079,"comment_status":"open","ping_status":"open","sticky":false,"template":"","format":"standard","meta":{"advanced_seo_description":"","jetpack_seo_html_title":"","jetpack_seo_noindex":false,"_jetpack_memberships_contains_paid_content":false,"footnotes":""},"categories":[72],"tags":[],"class_list":{"0":"post-46078","1":"post","2":"type-post","3":"status-publish","4":"format-standard","5":"has-post-thumbnail","7":"category-educacao"},"jetpack_featured_media_url":"https:\/\/www.paranapraia.com.br\/wp-content\/uploads\/2023\/05\/londrinauel_002-scaled.jpg","jetpack_sharing_enabled":true,"_links":{"self":[{"href":"https:\/\/www.paranapraia.com.br\/index.php\/wp-json\/wp\/v2\/posts\/46078"}],"collection":[{"href":"https:\/\/www.paranapraia.com.br\/index.php\/wp-json\/wp\/v2\/posts"}],"about":[{"href":"https:\/\/www.paranapraia.com.br\/index.php\/wp-json\/wp\/v2\/types\/post"}],"author":[{"embeddable":true,"href":"https:\/\/www.paranapraia.com.br\/index.php\/wp-json\/wp\/v2\/users\/2"}],"replies":[{"embeddable":true,"href":"https:\/\/www.paranapraia.com.br\/index.php\/wp-json\/wp\/v2\/comments?post=46078"}],"version-history":[{"count":1,"href":"https:\/\/www.paranapraia.com.br\/index.php\/wp-json\/wp\/v2\/posts\/46078\/revisions"}],"predecessor-version":[{"id":46080,"href":"https:\/\/www.paranapraia.com.br\/index.php\/wp-json\/wp\/v2\/posts\/46078\/revisions\/46080"}],"wp:featuredmedia":[{"embeddable":true,"href":"https:\/\/www.paranapraia.com.br\/index.php\/wp-json\/wp\/v2\/media\/46079"}],"wp:attachment":[{"href":"https:\/\/www.paranapraia.com.br\/index.php\/wp-json\/wp\/v2\/media?parent=46078"}],"wp:term":[{"taxonomy":"category","embeddable":true,"href":"https:\/\/www.paranapraia.com.br\/index.php\/wp-json\/wp\/v2\/categories?post=46078"},{"taxonomy":"post_tag","embeddable":true,"href":"https:\/\/www.paranapraia.com.br\/index.php\/wp-json\/wp\/v2\/tags?post=46078"}],"curies":[{"name":"wp","href":"https:\/\/api.w.org\/{rel}","templated":true}]}}