{"id":45783,"date":"2023-04-26T11:52:02","date_gmt":"2023-04-26T14:52:02","guid":{"rendered":"https:\/\/www.paranapraia.com.br\/?p=45783"},"modified":"2023-04-26T11:52:02","modified_gmt":"2023-04-26T14:52:02","slug":"formacao-do-conselho-municipal-dos-direitos-da-pessoa-com-deficiencia-de-matinhos-sera-dia-03-de-maio","status":"publish","type":"post","link":"https:\/\/www.paranapraia.com.br\/index.php\/2023\/04\/26\/formacao-do-conselho-municipal-dos-direitos-da-pessoa-com-deficiencia-de-matinhos-sera-dia-03-de-maio\/","title":{"rendered":"Forma\u00e7\u00e3o do Conselho Municipal dos Direitos da Pessoa com Defici\u00eancia de Matinhos ser\u00e1 dia 03 de maio"},"content":{"rendered":"\n<p>Forma\u00e7\u00e3o do Conselho Municipal dos Direitos da Pessoa com Defici\u00eancia do munic\u00edpio de Matinhos. <\/p>\n\n\n\n<p>(CMDPD) &#8211; (Lei Municipal 2326\/2022)<\/p>\n\n\n\n<p>Convidamos todos os mun\u00edcipes representantes de Organiza\u00e7\u00f5es de Sociedade Civil e \u00d3rg\u00e3os Governamentais para implementa\u00e7\u00e3o do Conselho Municipal dos Direitos da Pessoa com Defici\u00eancia do munic\u00edpio de Matinhos (CMDPD) conforme a Lei Municipal 2326\/2022.<\/p>\n\n\n\n<p>O Conselho Municipal dos Direitos da Pessoa com Defici\u00eancia tem por finalidade possibilitar a participa\u00e7\u00e3o popular nas discuss\u00f5es, proposi\u00e7\u00f5es, elabora\u00e7\u00f5es e aux\u00edlio na implementa\u00e7\u00e3o e fiscaliza\u00e7\u00e3o das pol\u00edticas p\u00fablicas voltadas a assegurar o pleno exerc\u00edcio dos direitos da pessoa com defici\u00eancia, em todas as esferas da administra\u00e7\u00e3o p\u00fablica deste Munic\u00edpio a fim de garantir a promo\u00e7\u00e3o e prote\u00e7\u00e3o das pessoas com defici\u00eancia, assim como exercer a orienta\u00e7\u00e3o normativa e consultiva sobre os direitos desta parcela da popula\u00e7\u00e3o.<\/p>\n\n\n\n<p>Data: 03\/05\/2023 (3\u00ba feira)<\/p>\n\n\n\n<p>Local: Secretaria Municipal de Educa\u00e7\u00e3o, Cultura e Esporte.<\/p>\n\n\n\n<p>Acesse o nosso portal: <a rel=\"noreferrer noopener\" href=\"https:\/\/c.atende.net\/p64483c79c6492?fbclid=IwAR0N6PXqBJf-bgLFMZ9XRhWM5IsZzvT2QTrV0yAZemdowOzKWVjRlyK31UE\" target=\"_blank\">https:\/\/c.atende.net\/p64483c79c6492<\/a><\/p>\n","protected":false},"excerpt":{"rendered":"<p>Forma\u00e7\u00e3o do Conselho Municipal dos Direitos da Pessoa com Defici\u00eancia do munic\u00edpio de Matinhos. (CMDPD) &#8211; (Lei Municipal 2326\/2022) Convidamos todos os mun\u00edcipes representantes de Organiza\u00e7\u00f5es de Sociedade Civil e \u00d3rg\u00e3os Governamentais para implementa\u00e7\u00e3o do Conselho Municipal dos Direitos da Pessoa com Defici\u00eancia do munic\u00edpio de Matinhos (CMDPD) conforme a Lei Municipal 2326\/2022. O Conselho [&hellip;]<\/p>\n","protected":false},"author":2,"featured_media":45784,"comment_status":"open","ping_status":"open","sticky":false,"template":"","format":"standard","meta":{"advanced_seo_description":"","jetpack_seo_html_title":"","jetpack_seo_noindex":false,"_jetpack_memberships_contains_paid_content":false,"footnotes":""},"categories":[88],"tags":[],"class_list":{"0":"post-45783","1":"post","2":"type-post","3":"status-publish","4":"format-standard","5":"has-post-thumbnail","7":"category-matinhos"},"jetpack_featured_media_url":"https:\/\/www.paranapraia.com.br\/wp-content\/uploads\/2023\/04\/343751566_103100752778181_4646130449023018742_n.jpg","jetpack_sharing_enabled":true,"_links":{"self":[{"href":"https:\/\/www.paranapraia.com.br\/index.php\/wp-json\/wp\/v2\/posts\/45783"}],"collection":[{"href":"https:\/\/www.paranapraia.com.br\/index.php\/wp-json\/wp\/v2\/posts"}],"about":[{"href":"https:\/\/www.paranapraia.com.br\/index.php\/wp-json\/wp\/v2\/types\/post"}],"author":[{"embeddable":true,"href":"https:\/\/www.paranapraia.com.br\/index.php\/wp-json\/wp\/v2\/users\/2"}],"replies":[{"embeddable":true,"href":"https:\/\/www.paranapraia.com.br\/index.php\/wp-json\/wp\/v2\/comments?post=45783"}],"version-history":[{"count":1,"href":"https:\/\/www.paranapraia.com.br\/index.php\/wp-json\/wp\/v2\/posts\/45783\/revisions"}],"predecessor-version":[{"id":45785,"href":"https:\/\/www.paranapraia.com.br\/index.php\/wp-json\/wp\/v2\/posts\/45783\/revisions\/45785"}],"wp:featuredmedia":[{"embeddable":true,"href":"https:\/\/www.paranapraia.com.br\/index.php\/wp-json\/wp\/v2\/media\/45784"}],"wp:attachment":[{"href":"https:\/\/www.paranapraia.com.br\/index.php\/wp-json\/wp\/v2\/media?parent=45783"}],"wp:term":[{"taxonomy":"category","embeddable":true,"href":"https:\/\/www.paranapraia.com.br\/index.php\/wp-json\/wp\/v2\/categories?post=45783"},{"taxonomy":"post_tag","embeddable":true,"href":"https:\/\/www.paranapraia.com.br\/index.php\/wp-json\/wp\/v2\/tags?post=45783"}],"curies":[{"name":"wp","href":"https:\/\/api.w.org\/{rel}","templated":true}]}}