{"id":45777,"date":"2023-04-26T11:46:30","date_gmt":"2023-04-26T14:46:30","guid":{"rendered":"https:\/\/www.paranapraia.com.br\/?p=45777"},"modified":"2023-04-26T11:46:30","modified_gmt":"2023-04-26T14:46:30","slug":"pcpr-resgata-mais-de-25-caes-em-situacao-de-maus-tratos-e-prende-homem-em-pirai-do-sul","status":"publish","type":"post","link":"https:\/\/www.paranapraia.com.br\/index.php\/2023\/04\/26\/pcpr-resgata-mais-de-25-caes-em-situacao-de-maus-tratos-e-prende-homem-em-pirai-do-sul\/","title":{"rendered":"PCPR resgata mais de 25 c\u00e3es em situa\u00e7\u00e3o de maus-tratos e prende homem em Pira\u00ed do Sul"},"content":{"rendered":"\n<p>A Pol\u00edcia Civil do Paran\u00e1 (PCPR) resgatou 28 c\u00e3es que estavam em situa\u00e7\u00e3o de maus-tratos, na ter\u00e7a-feira (25), em Pira\u00ed do Sul, na regi\u00e3o dos Campos Gerais. Na a\u00e7\u00e3o, um homem, de 23 anos, foi autuado em flagrante por maus-tratos a animais.&nbsp;<\/p>\n\n\n\n<p>A opera\u00e7\u00e3o contou com o apoio da Vigil\u00e2ncia Sanit\u00e1ria do munic\u00edpio.&nbsp;<\/p>\n\n\n\n<p>\u201cA den\u00fancia foi recebida atrav\u00e9s das redes sociais, onde postagens relatavam que no local havia cachorros que estavam sendo maltratados\u201d, conta o delegado da PCPR Jairo de Camargo.&nbsp;<\/p>\n\n\n\n<p>Na resid\u00eancia, utilizada irregularmente como pet shop, os c\u00e3es eram mantidos em um ambiente extremamente sujo, em p\u00e9ssimas condi\u00e7\u00f5es sanit\u00e1rias, recebendo alimenta\u00e7\u00e3o inadequada e com falta de \u00e1gua. Alguns animais apresentavam sinais de desnutri\u00e7\u00e3o e problemas de pele, como sarna e dermatites.&nbsp;<\/p>\n\n\n\n<p>Todos os animais foram recolhidos pela Rede de Prote\u00e7\u00e3o Animal de Pira\u00ed do Sul, para receber tratamento adequado e, posteriormente, ficarem dispon\u00edveis para ado\u00e7\u00e3o.<\/p>\n\n\n\n<p>PCPR<\/p>\n","protected":false},"excerpt":{"rendered":"<p>A Pol\u00edcia Civil do Paran\u00e1 (PCPR) resgatou 28 c\u00e3es que estavam em situa\u00e7\u00e3o de maus-tratos, na ter\u00e7a-feira (25), em Pira\u00ed do Sul, na regi\u00e3o dos Campos Gerais. Na a\u00e7\u00e3o, um homem, de 23 anos, foi autuado em flagrante por maus-tratos a animais.&nbsp; A opera\u00e7\u00e3o contou com o apoio da Vigil\u00e2ncia Sanit\u00e1ria do munic\u00edpio.&nbsp; \u201cA den\u00fancia [&hellip;]<\/p>\n","protected":false},"author":2,"featured_media":45778,"comment_status":"open","ping_status":"open","sticky":false,"template":"","format":"standard","meta":{"advanced_seo_description":"","jetpack_seo_html_title":"","jetpack_seo_noindex":false,"_jetpack_memberships_contains_paid_content":false,"footnotes":""},"categories":[33],"tags":[],"class_list":{"0":"post-45777","1":"post","2":"type-post","3":"status-publish","4":"format-standard","5":"has-post-thumbnail","7":"category-policia"},"jetpack_featured_media_url":"https:\/\/www.paranapraia.com.br\/wp-content\/uploads\/2023\/04\/211022_untitled_7344_0.jpg","jetpack_sharing_enabled":true,"_links":{"self":[{"href":"https:\/\/www.paranapraia.com.br\/index.php\/wp-json\/wp\/v2\/posts\/45777"}],"collection":[{"href":"https:\/\/www.paranapraia.com.br\/index.php\/wp-json\/wp\/v2\/posts"}],"about":[{"href":"https:\/\/www.paranapraia.com.br\/index.php\/wp-json\/wp\/v2\/types\/post"}],"author":[{"embeddable":true,"href":"https:\/\/www.paranapraia.com.br\/index.php\/wp-json\/wp\/v2\/users\/2"}],"replies":[{"embeddable":true,"href":"https:\/\/www.paranapraia.com.br\/index.php\/wp-json\/wp\/v2\/comments?post=45777"}],"version-history":[{"count":1,"href":"https:\/\/www.paranapraia.com.br\/index.php\/wp-json\/wp\/v2\/posts\/45777\/revisions"}],"predecessor-version":[{"id":45779,"href":"https:\/\/www.paranapraia.com.br\/index.php\/wp-json\/wp\/v2\/posts\/45777\/revisions\/45779"}],"wp:featuredmedia":[{"embeddable":true,"href":"https:\/\/www.paranapraia.com.br\/index.php\/wp-json\/wp\/v2\/media\/45778"}],"wp:attachment":[{"href":"https:\/\/www.paranapraia.com.br\/index.php\/wp-json\/wp\/v2\/media?parent=45777"}],"wp:term":[{"taxonomy":"category","embeddable":true,"href":"https:\/\/www.paranapraia.com.br\/index.php\/wp-json\/wp\/v2\/categories?post=45777"},{"taxonomy":"post_tag","embeddable":true,"href":"https:\/\/www.paranapraia.com.br\/index.php\/wp-json\/wp\/v2\/tags?post=45777"}],"curies":[{"name":"wp","href":"https:\/\/api.w.org\/{rel}","templated":true}]}}