{"id":45587,"date":"2023-04-21T12:59:45","date_gmt":"2023-04-21T15:59:45","guid":{"rendered":"https:\/\/www.paranapraia.com.br\/?p=45587"},"modified":"2023-04-21T12:59:45","modified_gmt":"2023-04-21T15:59:45","slug":"policia-civil-realiza-prisao-de-tres-individuos-acusados-de-carcere-privado-e-tortura-em-pontal-do-parana","status":"publish","type":"post","link":"https:\/\/www.paranapraia.com.br\/index.php\/2023\/04\/21\/policia-civil-realiza-prisao-de-tres-individuos-acusados-de-carcere-privado-e-tortura-em-pontal-do-parana\/","title":{"rendered":"Pol\u00edcia Civil realiza pris\u00e3o de tr\u00eas indiv\u00edduos acusados de c\u00e1rcere privado e tortura em Pontal do Paran\u00e1"},"content":{"rendered":"\n<p>No dia 18 de abril de 2023, tr\u00eas autores e dezesseis v\u00edtimas acabaram conduzidos para delegacia de pol\u00edcia. As vitimas s\u00e3o internos de uma cl\u00ednica de recupera\u00e7\u00e3o para dependentes qu\u00edmicos localizada no Balne\u00e1rio de Pontal do Sul, no munic\u00edpio de Pontal do Paran\u00e1.<\/p>\n\n\n\n<p>A situa\u00e7\u00e3o come\u00e7ou a ser apurada depois de uma poss\u00edvel rebeli\u00e3o na noite do dia 17\/04\/23, quando os internos questionavam os tratamentos que estavam sendo impostos na cl\u00ednica. <\/p>\n\n\n\n<p>Na manh\u00e3 do dia 18, ap\u00f3s tomarem ci\u00eancia das condi\u00e7\u00f5es desumanas de tratamento na cl\u00ednica, a partir da den\u00fancia de dois internos, a assist\u00eancia social da prefeitura, juntamente com a Guarda Municipal  foram at\u00e9 o local fiscalizar as condi\u00e7\u00f5es do estabelecimento. <\/p>\n\n\n\n<p>No local, as autoridades fiscalizadoras encontraram quartos imundos, pessoas debilitadas que viviam em ambientes insalubres, algumas em c\u00e1rcere privado , al\u00e9m de supostas marcas de torturas f\u00edsicas. <\/p>\n\n\n\n<p>Diante da situa\u00e7\u00e3o constatada, autores, testemunhas e vitimas foram conduzidos e apresentados \u00e0 autoridade policial, que ratificou a pris\u00e3o em flagrante de tr\u00eas dos suspeitos.Dando continuidade \u00e0s investiga\u00e7\u00f5es, a autoridade policial de Pontal do Paran\u00e1, Dr Thiago Fran\u00e7a Nunes,  representou por pedido de busca e apreens\u00e3o para averigua\u00e7\u00e3o da real situa\u00e7\u00e3o dos internos e do funcionamento da clinica o qual foi cumprido no dia 20 de abril.<\/p>\n\n\n\n<p><div>PCPR &#8211; Pol\u00edcia Civil do Paran\u00e1<\/div><\/p>\n","protected":false},"excerpt":{"rendered":"<p>No dia 18 de abril de 2023, tr\u00eas autores e dezesseis v\u00edtimas acabaram conduzidos para delegacia de pol\u00edcia. As vitimas s\u00e3o internos de uma cl\u00ednica de recupera\u00e7\u00e3o para dependentes qu\u00edmicos localizada no Balne\u00e1rio de Pontal do Sul, no munic\u00edpio de Pontal do Paran\u00e1. A situa\u00e7\u00e3o come\u00e7ou a ser apurada depois de uma poss\u00edvel rebeli\u00e3o na [&hellip;]<\/p>\n","protected":false},"author":2,"featured_media":45588,"comment_status":"open","ping_status":"open","sticky":false,"template":"","format":"standard","meta":{"advanced_seo_description":"","jetpack_seo_html_title":"","jetpack_seo_noindex":false,"_jetpack_memberships_contains_paid_content":false,"footnotes":""},"categories":[40],"tags":[],"class_list":{"0":"post-45587","1":"post","2":"type-post","3":"status-publish","4":"format-standard","5":"has-post-thumbnail","7":"category-destaques"},"jetpack_featured_media_url":"https:\/\/www.paranapraia.com.br\/wp-content\/uploads\/2023\/04\/FB_IMG_1682092660654.jpg","jetpack_sharing_enabled":true,"_links":{"self":[{"href":"https:\/\/www.paranapraia.com.br\/index.php\/wp-json\/wp\/v2\/posts\/45587"}],"collection":[{"href":"https:\/\/www.paranapraia.com.br\/index.php\/wp-json\/wp\/v2\/posts"}],"about":[{"href":"https:\/\/www.paranapraia.com.br\/index.php\/wp-json\/wp\/v2\/types\/post"}],"author":[{"embeddable":true,"href":"https:\/\/www.paranapraia.com.br\/index.php\/wp-json\/wp\/v2\/users\/2"}],"replies":[{"embeddable":true,"href":"https:\/\/www.paranapraia.com.br\/index.php\/wp-json\/wp\/v2\/comments?post=45587"}],"version-history":[{"count":1,"href":"https:\/\/www.paranapraia.com.br\/index.php\/wp-json\/wp\/v2\/posts\/45587\/revisions"}],"predecessor-version":[{"id":45589,"href":"https:\/\/www.paranapraia.com.br\/index.php\/wp-json\/wp\/v2\/posts\/45587\/revisions\/45589"}],"wp:featuredmedia":[{"embeddable":true,"href":"https:\/\/www.paranapraia.com.br\/index.php\/wp-json\/wp\/v2\/media\/45588"}],"wp:attachment":[{"href":"https:\/\/www.paranapraia.com.br\/index.php\/wp-json\/wp\/v2\/media?parent=45587"}],"wp:term":[{"taxonomy":"category","embeddable":true,"href":"https:\/\/www.paranapraia.com.br\/index.php\/wp-json\/wp\/v2\/categories?post=45587"},{"taxonomy":"post_tag","embeddable":true,"href":"https:\/\/www.paranapraia.com.br\/index.php\/wp-json\/wp\/v2\/tags?post=45587"}],"curies":[{"name":"wp","href":"https:\/\/api.w.org\/{rel}","templated":true}]}}