{"id":45583,"date":"2023-04-20T18:32:10","date_gmt":"2023-04-20T21:32:10","guid":{"rendered":"https:\/\/www.paranapraia.com.br\/?p=45583"},"modified":"2023-04-20T18:32:10","modified_gmt":"2023-04-20T21:32:10","slug":"grandes-shows-voltam-a-agitar-matinhos-na-programacao-do-aniversario-da-cidade","status":"publish","type":"post","link":"https:\/\/www.paranapraia.com.br\/index.php\/2023\/04\/20\/grandes-shows-voltam-a-agitar-matinhos-na-programacao-do-aniversario-da-cidade\/","title":{"rendered":"Grandes shows voltam a agitar Matinhos na programa\u00e7\u00e3o do anivers\u00e1rio da cidade"},"content":{"rendered":"\n<p>Matinhos ter\u00e1 mais uma vez uma grande agenda para o seu anivers\u00e1rio. A festa dos 56 anos da cidade ter\u00e1 circo e parque de divers\u00f5es. E ainda vir\u00e3o grandes nomes da m\u00fasica nacional.Novamente, a \u00e1rea pr\u00f3xima \u00e0 rotat\u00f3ria da Avenida Curitiba vai receber toda a estrutura para as apresenta\u00e7\u00f5es. Elas prometem repetir o sucesso do ano passado, para a alegria de moradores, turistas e do com\u00e9rcio local.<\/p>\n\n\n\n<p>A programa\u00e7\u00e3o come\u00e7a no s\u00e1bado (3), com Trio Parada Dura. No domingo (4), \u00e9 a vez do grupo Roupa Nova. A segunda-feira (5) ser\u00e1 reservada para um show cat\u00f3lico. E na ter\u00e7a-feira (6), Matinhos ter\u00e1 um show gospel. Quarta-feira (7) ser\u00e1 dia de dar muitas risadas com o stand up comedy do Diogo Portugal.Na quinta-feira (8), a festa \u00e9 com a banda Jeito Moleque. Na sexta-feira (9), a agita\u00e7\u00e3o \u00e9 com a dupla Munhoz &amp; Mariano.<\/p>\n\n\n\n<p><div> A m\u00fasica sertaneja continua no s\u00e1bado (10), com Jeann &amp; Julio. E no domingo (11), \u00e9 dia da dupla Bruno &amp; Marrone. O processo para a vinda dessas apresenta\u00e7\u00f5es est\u00e1 em finaliza\u00e7\u00e3o, ainda estando sujeita a mudan\u00e7as.E no dia do anivers\u00e1rio da cidade, segunda-feira (12), as bandas locais encerram a festa. De 3 a 11 de junho, bandas e artistas locais far\u00e3o os shows de abertura.<\/div><\/p>\n\n\n\n<p><div>\u201cOs shows ser\u00e3o gratuitos, assim como no ano passado. Esperamos ter novamente grande participa\u00e7\u00e3o e movimentar nossa cidade e economia local fortalecendo assim nossa temporada de inverno\u201d, disse o secret\u00e1rio municipal de Turismo e Desenvolvimento Econ\u00f4mico, Jos\u00e9 Lu\u00eds Leal.<\/div><\/p>\n\n\n\n<p>Departamento de Comunica\u00e7\u00e3o<\/p>\n\n\n\n<p>Prefeitura de Matinhos<\/p>\n","protected":false},"excerpt":{"rendered":"<p>Matinhos ter\u00e1 mais uma vez uma grande agenda para o seu anivers\u00e1rio. A festa dos 56 anos da cidade ter\u00e1 circo e parque de divers\u00f5es. E ainda vir\u00e3o grandes nomes da m\u00fasica nacional.Novamente, a \u00e1rea pr\u00f3xima \u00e0 rotat\u00f3ria da Avenida Curitiba vai receber toda a estrutura para as apresenta\u00e7\u00f5es. Elas prometem repetir o sucesso do [&hellip;]<\/p>\n","protected":false},"author":2,"featured_media":42492,"comment_status":"open","ping_status":"open","sticky":false,"template":"","format":"standard","meta":{"advanced_seo_description":"","jetpack_seo_html_title":"","jetpack_seo_noindex":false,"_jetpack_memberships_contains_paid_content":false,"footnotes":""},"categories":[40],"tags":[],"class_list":{"0":"post-45583","1":"post","2":"type-post","3":"status-publish","4":"format-standard","5":"has-post-thumbnail","7":"category-destaques"},"jetpack_featured_media_url":"https:\/\/www.paranapraia.com.br\/wp-content\/uploads\/2023\/01\/eduardo-costa_foto_rdziura-9668-scaled.jpg","jetpack_sharing_enabled":true,"_links":{"self":[{"href":"https:\/\/www.paranapraia.com.br\/index.php\/wp-json\/wp\/v2\/posts\/45583"}],"collection":[{"href":"https:\/\/www.paranapraia.com.br\/index.php\/wp-json\/wp\/v2\/posts"}],"about":[{"href":"https:\/\/www.paranapraia.com.br\/index.php\/wp-json\/wp\/v2\/types\/post"}],"author":[{"embeddable":true,"href":"https:\/\/www.paranapraia.com.br\/index.php\/wp-json\/wp\/v2\/users\/2"}],"replies":[{"embeddable":true,"href":"https:\/\/www.paranapraia.com.br\/index.php\/wp-json\/wp\/v2\/comments?post=45583"}],"version-history":[{"count":1,"href":"https:\/\/www.paranapraia.com.br\/index.php\/wp-json\/wp\/v2\/posts\/45583\/revisions"}],"predecessor-version":[{"id":45584,"href":"https:\/\/www.paranapraia.com.br\/index.php\/wp-json\/wp\/v2\/posts\/45583\/revisions\/45584"}],"wp:featuredmedia":[{"embeddable":true,"href":"https:\/\/www.paranapraia.com.br\/index.php\/wp-json\/wp\/v2\/media\/42492"}],"wp:attachment":[{"href":"https:\/\/www.paranapraia.com.br\/index.php\/wp-json\/wp\/v2\/media?parent=45583"}],"wp:term":[{"taxonomy":"category","embeddable":true,"href":"https:\/\/www.paranapraia.com.br\/index.php\/wp-json\/wp\/v2\/categories?post=45583"},{"taxonomy":"post_tag","embeddable":true,"href":"https:\/\/www.paranapraia.com.br\/index.php\/wp-json\/wp\/v2\/tags?post=45583"}],"curies":[{"name":"wp","href":"https:\/\/api.w.org\/{rel}","templated":true}]}}