{"id":45568,"date":"2023-04-20T09:14:36","date_gmt":"2023-04-20T12:14:36","guid":{"rendered":"https:\/\/www.paranapraia.com.br\/?p=45568"},"modified":"2023-04-20T09:14:37","modified_gmt":"2023-04-20T12:14:37","slug":"trator-e-repassado-para-pescadores-de-matinhos","status":"publish","type":"post","link":"https:\/\/www.paranapraia.com.br\/index.php\/2023\/04\/20\/trator-e-repassado-para-pescadores-de-matinhos\/","title":{"rendered":"Trator \u00e9 repassado para pescadores de Matinhos"},"content":{"rendered":"\n<p>Os pescadores de Matinhos receberam nesta ter\u00e7a-feira (18) um trator para uso em suas atividades. O equipamento foi repassado pelo prefeito Z\u00e9 da Ecler para o diretor do Mercado Municipal do Peixe, Lopes Fabiano Ramos. Ap\u00f3s a entrega das chaves, o ve\u00edculo seguiu at\u00e9 a Col\u00f4nia de Pescadores, conduzido por Sandro Paulo Ramos.<\/p>\n\n\n\n<figure class=\"wp-block-gallery columns-1 is-cropped wp-block-gallery-1 is-layout-flex wp-block-gallery-is-layout-flex\"><ul class=\"blocks-gallery-grid\"><li class=\"blocks-gallery-item\"><figure><img loading=\"lazy\" decoding=\"async\" width=\"1024\" height=\"576\" src=\"https:\/\/www.paranapraia.com.br\/wp-content\/uploads\/2023\/04\/FB_IMG_1681992754184-1024x576.jpg\" alt=\"\" data-id=\"45570\" data-full-url=\"https:\/\/www.paranapraia.com.br\/wp-content\/uploads\/2023\/04\/FB_IMG_1681992754184.jpg\" data-link=\"https:\/\/www.paranapraia.com.br\/?attachment_id=45570\" class=\"wp-image-45570\" srcset=\"https:\/\/www.paranapraia.com.br\/wp-content\/uploads\/2023\/04\/FB_IMG_1681992754184-1024x576.jpg 1024w, https:\/\/www.paranapraia.com.br\/wp-content\/uploads\/2023\/04\/FB_IMG_1681992754184-300x169.jpg 300w, https:\/\/www.paranapraia.com.br\/wp-content\/uploads\/2023\/04\/FB_IMG_1681992754184-768x432.jpg 768w, https:\/\/www.paranapraia.com.br\/wp-content\/uploads\/2023\/04\/FB_IMG_1681992754184-696x392.jpg 696w, https:\/\/www.paranapraia.com.br\/wp-content\/uploads\/2023\/04\/FB_IMG_1681992754184-1068x601.jpg 1068w, https:\/\/www.paranapraia.com.br\/wp-content\/uploads\/2023\/04\/FB_IMG_1681992754184-746x420.jpg 746w, https:\/\/www.paranapraia.com.br\/wp-content\/uploads\/2023\/04\/FB_IMG_1681992754184.jpg 1080w\" sizes=\"(max-width: 1024px) 100vw, 1024px\" \/><\/figure><\/li><li class=\"blocks-gallery-item\"><figure><img loading=\"lazy\" decoding=\"async\" width=\"1024\" height=\"576\" src=\"https:\/\/www.paranapraia.com.br\/wp-content\/uploads\/2023\/04\/FB_IMG_1681992746495-1024x576.jpg\" alt=\"\" data-id=\"45571\" data-full-url=\"https:\/\/www.paranapraia.com.br\/wp-content\/uploads\/2023\/04\/FB_IMG_1681992746495.jpg\" data-link=\"https:\/\/www.paranapraia.com.br\/?attachment_id=45571\" class=\"wp-image-45571\" srcset=\"https:\/\/www.paranapraia.com.br\/wp-content\/uploads\/2023\/04\/FB_IMG_1681992746495-1024x576.jpg 1024w, https:\/\/www.paranapraia.com.br\/wp-content\/uploads\/2023\/04\/FB_IMG_1681992746495-300x169.jpg 300w, https:\/\/www.paranapraia.com.br\/wp-content\/uploads\/2023\/04\/FB_IMG_1681992746495-768x432.jpg 768w, https:\/\/www.paranapraia.com.br\/wp-content\/uploads\/2023\/04\/FB_IMG_1681992746495-696x392.jpg 696w, https:\/\/www.paranapraia.com.br\/wp-content\/uploads\/2023\/04\/FB_IMG_1681992746495-1068x601.jpg 1068w, https:\/\/www.paranapraia.com.br\/wp-content\/uploads\/2023\/04\/FB_IMG_1681992746495-746x420.jpg 746w, https:\/\/www.paranapraia.com.br\/wp-content\/uploads\/2023\/04\/FB_IMG_1681992746495.jpg 1080w\" sizes=\"(max-width: 1024px) 100vw, 1024px\" \/><\/figure><\/li><\/ul><\/figure>\n\n\n\n<p>O modelo New Holland TL 5.80 foi adquirido com 40% dos recursos da Prefeitura de Matinhos. Os outros 60% vieram por meio de emenda parlamentar do deputado estadual Michele Caputo Neto (PSDB). A concess\u00e3o dessa emenda foi assinada em 12 de junho de 2021, ap\u00f3s indica\u00e7\u00e3o do ent\u00e3o vereador M\u00e1rio Braga, atual secret\u00e1rio de Educa\u00e7\u00e3o.O equipamento ser\u00e1 usado para facilitar o trabalho dos pescadores, que passam agora a contar com dois tratores.<\/p>\n\n\n\n<p>Acompanharam a entrega a primeira-dama Regina Viana e os secret\u00e1rios S\u00e9rgio Cioli, do Meio Ambiente, Joilson Vaz da Silva, de Administra\u00e7\u00e3o; Ivo Mendes J\u00fanior, do Planejamento; Roberto Pires, de Finan\u00e7as; Aldemir Zwetsch J\u00fanior, da Sa\u00fade; Elenice Lorencena, da Defesa Social; e Enelida Ramos de Lima, da Assist\u00eancia Social.<\/p>\n\n\n\n<p>Representando o Legislativo, estavam os presidente da C\u00e2mara Municipal, Nando (PODE), e os vereadores Lucas Pesco (PODE), Lel\u00e9u (UB), M\u00e1rcio do Seda (PL) e Almir Leite (PROS). Tamb\u00e9m estiveram presentes representantes dos pescadores da cidade.<\/p>\n\n\n\n<p>Departamento de Comunica\u00e7\u00e3o<\/p>\n\n\n\n<p>Prefeitura de Matinhos<\/p>\n","protected":false},"excerpt":{"rendered":"<p>Os pescadores de Matinhos receberam nesta ter\u00e7a-feira (18) um trator para uso em suas atividades. O equipamento foi repassado pelo prefeito Z\u00e9 da Ecler para o diretor do Mercado Municipal do Peixe, Lopes Fabiano Ramos. Ap\u00f3s a entrega das chaves, o ve\u00edculo seguiu at\u00e9 a Col\u00f4nia de Pescadores, conduzido por Sandro Paulo Ramos. O modelo [&hellip;]<\/p>\n","protected":false},"author":2,"featured_media":45569,"comment_status":"open","ping_status":"open","sticky":false,"template":"","format":"standard","meta":{"advanced_seo_description":"","jetpack_seo_html_title":"","jetpack_seo_noindex":false,"_jetpack_memberships_contains_paid_content":false,"footnotes":""},"categories":[40],"tags":[],"class_list":{"0":"post-45568","1":"post","2":"type-post","3":"status-publish","4":"format-standard","5":"has-post-thumbnail","7":"category-destaques"},"jetpack_featured_media_url":"https:\/\/www.paranapraia.com.br\/wp-content\/uploads\/2023\/04\/FB_IMG_1681992751557.jpg","jetpack_sharing_enabled":true,"_links":{"self":[{"href":"https:\/\/www.paranapraia.com.br\/index.php\/wp-json\/wp\/v2\/posts\/45568"}],"collection":[{"href":"https:\/\/www.paranapraia.com.br\/index.php\/wp-json\/wp\/v2\/posts"}],"about":[{"href":"https:\/\/www.paranapraia.com.br\/index.php\/wp-json\/wp\/v2\/types\/post"}],"author":[{"embeddable":true,"href":"https:\/\/www.paranapraia.com.br\/index.php\/wp-json\/wp\/v2\/users\/2"}],"replies":[{"embeddable":true,"href":"https:\/\/www.paranapraia.com.br\/index.php\/wp-json\/wp\/v2\/comments?post=45568"}],"version-history":[{"count":1,"href":"https:\/\/www.paranapraia.com.br\/index.php\/wp-json\/wp\/v2\/posts\/45568\/revisions"}],"predecessor-version":[{"id":45572,"href":"https:\/\/www.paranapraia.com.br\/index.php\/wp-json\/wp\/v2\/posts\/45568\/revisions\/45572"}],"wp:featuredmedia":[{"embeddable":true,"href":"https:\/\/www.paranapraia.com.br\/index.php\/wp-json\/wp\/v2\/media\/45569"}],"wp:attachment":[{"href":"https:\/\/www.paranapraia.com.br\/index.php\/wp-json\/wp\/v2\/media?parent=45568"}],"wp:term":[{"taxonomy":"category","embeddable":true,"href":"https:\/\/www.paranapraia.com.br\/index.php\/wp-json\/wp\/v2\/categories?post=45568"},{"taxonomy":"post_tag","embeddable":true,"href":"https:\/\/www.paranapraia.com.br\/index.php\/wp-json\/wp\/v2\/tags?post=45568"}],"curies":[{"name":"wp","href":"https:\/\/api.w.org\/{rel}","templated":true}]}}