{"id":45563,"date":"2023-04-20T08:58:20","date_gmt":"2023-04-20T11:58:20","guid":{"rendered":"https:\/\/www.paranapraia.com.br\/?p=45563"},"modified":"2023-04-20T08:58:21","modified_gmt":"2023-04-20T11:58:21","slug":"em-resposta-a-possiveis-ataques-nas-escolas-comite-de-crise-e-formado-em-matinhos","status":"publish","type":"post","link":"https:\/\/www.paranapraia.com.br\/index.php\/2023\/04\/20\/em-resposta-a-possiveis-ataques-nas-escolas-comite-de-crise-e-formado-em-matinhos\/","title":{"rendered":"Em resposta a poss\u00edveis ataques nas escolas, comit\u00ea de crise \u00e9 formado em Matinhos"},"content":{"rendered":"\n<p>Foi institu\u00eddo em Matinhos um comit\u00ea de crise para o refor\u00e7o da seguran\u00e7a nas escolas p\u00fablicas do munic\u00edpio. O Decreto n.\u00ba 2.005 foi publicado nesta quarta-feira (19) pela Administra\u00e7\u00e3o Municipal &#8211; ap\u00f3s audi\u00eancia p\u00fablica na C\u00e2mara de Vereadores nesta ter\u00e7a-feira (18) &#8211; como medida de preven\u00e7\u00e3o a invas\u00f5es e ataques em institui\u00e7\u00f5es de ensino. O secret\u00e1rio de Educa\u00e7\u00e3o, M\u00e1rio Braga, foi nomeado presidente do grupo. <\/p>\n\n\n\n<figure class=\"wp-block-image size-large\"><img loading=\"lazy\" decoding=\"async\" width=\"717\" height=\"717\" src=\"https:\/\/www.paranapraia.com.br\/wp-content\/uploads\/2023\/04\/FB_IMG_1681991820893.jpg\" alt=\"\" class=\"wp-image-45565\" srcset=\"https:\/\/www.paranapraia.com.br\/wp-content\/uploads\/2023\/04\/FB_IMG_1681991820893.jpg 717w, https:\/\/www.paranapraia.com.br\/wp-content\/uploads\/2023\/04\/FB_IMG_1681991820893-300x300.jpg 300w, https:\/\/www.paranapraia.com.br\/wp-content\/uploads\/2023\/04\/FB_IMG_1681991820893-150x150.jpg 150w, https:\/\/www.paranapraia.com.br\/wp-content\/uploads\/2023\/04\/FB_IMG_1681991820893-696x696.jpg 696w, https:\/\/www.paranapraia.com.br\/wp-content\/uploads\/2023\/04\/FB_IMG_1681991820893-420x420.jpg 420w\" sizes=\"(max-width: 717px) 100vw, 717px\" \/><\/figure>\n\n\n\n<figure class=\"wp-block-image size-large\"><img loading=\"lazy\" decoding=\"async\" width=\"1024\" height=\"1024\" src=\"https:\/\/www.paranapraia.com.br\/wp-content\/uploads\/2023\/04\/FB_IMG_1681991823028-1024x1024.jpg\" alt=\"\" class=\"wp-image-45566\" srcset=\"https:\/\/www.paranapraia.com.br\/wp-content\/uploads\/2023\/04\/FB_IMG_1681991823028-1024x1024.jpg 1024w, https:\/\/www.paranapraia.com.br\/wp-content\/uploads\/2023\/04\/FB_IMG_1681991823028-300x300.jpg 300w, https:\/\/www.paranapraia.com.br\/wp-content\/uploads\/2023\/04\/FB_IMG_1681991823028-150x150.jpg 150w, https:\/\/www.paranapraia.com.br\/wp-content\/uploads\/2023\/04\/FB_IMG_1681991823028-768x768.jpg 768w, https:\/\/www.paranapraia.com.br\/wp-content\/uploads\/2023\/04\/FB_IMG_1681991823028-696x696.jpg 696w, https:\/\/www.paranapraia.com.br\/wp-content\/uploads\/2023\/04\/FB_IMG_1681991823028-1068x1068.jpg 1068w, https:\/\/www.paranapraia.com.br\/wp-content\/uploads\/2023\/04\/FB_IMG_1681991823028-420x420.jpg 420w, https:\/\/www.paranapraia.com.br\/wp-content\/uploads\/2023\/04\/FB_IMG_1681991823028.jpg 1080w\" sizes=\"(max-width: 1024px) 100vw, 1024px\" \/><\/figure>\n\n\n\n<p><div>O comit\u00ea de crise tamb\u00e9m ser\u00e1 formado pela secret\u00e1ria de Defesa Social, Elenice Lorencena, representantes da Guarda Municipal e Pol\u00edcia Militar, diretores das escolas p\u00fablicas, professores, pais e respons\u00e1veis dos alunos, Conselho Tutelar e Poder Legislativo, al\u00e9m de profissionais das \u00e1reas de psicologia e assist\u00eancia social. <\/div><\/p>\n\n\n\n<p>Entre as fun\u00e7\u00f5es do grupo de trabalho, est\u00e3o:- Elaborar um plano de a\u00e7\u00e3o para a seguran\u00e7a nas escolas do munic\u00edpio, com \u00eanfase na preven\u00e7\u00e3o de crimes e viol\u00eancia;- Promover campanhas educativas sobre seguran\u00e7a nas escolas para alunos, professores e pais ou respons\u00e1veis;- Estabelecer parcerias com outras institui\u00e7\u00f5es p\u00fablicas e privadas para a implementa\u00e7\u00e3o de medidas preventivas e de seguran\u00e7a nos espa\u00e7os educacionais;- Convidar profissionais com qualifica\u00e7\u00e3o para falar sobre a preven\u00e7\u00e3o e o combate \u00e0 viol\u00eancia nos ambientes de ensino, para que esses prestem o aux\u00edlio necess\u00e1rio \u00e0 institui\u00e7\u00e3o de um plano de seguran\u00e7a;- Acompanhar a execu\u00e7\u00e3o das a\u00e7\u00f5es previstas no plano de a\u00e7\u00e3o;- Propor novas medidas para refor\u00e7ar a seguran\u00e7a nas escolas, sempre que necess\u00e1rio.De acordo com o decreto, o plano de seguran\u00e7a para todas as escolas em Matinhos deve ser elaborado pelo comit\u00ea de crise em um prazo m\u00e1ximo de 30 dias. Esse plano deve contemplar a\u00e7\u00f5es preventivas e repressivas, com o objetivo de garantir a seguran\u00e7a de alunos, professores e funcion\u00e1rios. Ainda conforme a determina\u00e7\u00e3o, o grupo se reunir\u00e1 ordinariamente at\u00e9 o dia 10 de cada m\u00eas e, extraordinariamente, sempre que convocado pelo secret\u00e1rio de Educa\u00e7\u00e3o.<\/p>\n\n\n\n<p>Departamento de Comunica\u00e7\u00e3o<\/p>\n\n\n\n<p>Prefeitura de Matinhos<\/p>\n\n\n\n<p>Decreto dispon\u00edvel em PDF para download em nosso portal: https:\/\/c.atende.net\/p6440578d2f654<\/p>\n","protected":false},"excerpt":{"rendered":"<p>Foi institu\u00eddo em Matinhos um comit\u00ea de crise para o refor\u00e7o da seguran\u00e7a nas escolas p\u00fablicas do munic\u00edpio. O Decreto n.\u00ba 2.005 foi publicado nesta quarta-feira (19) pela Administra\u00e7\u00e3o Municipal &#8211; ap\u00f3s audi\u00eancia p\u00fablica na C\u00e2mara de Vereadores nesta ter\u00e7a-feira (18) &#8211; como medida de preven\u00e7\u00e3o a invas\u00f5es e ataques em institui\u00e7\u00f5es de ensino. O [&hellip;]<\/p>\n","protected":false},"author":2,"featured_media":45564,"comment_status":"open","ping_status":"open","sticky":false,"template":"","format":"standard","meta":{"advanced_seo_description":"","jetpack_seo_html_title":"","jetpack_seo_noindex":false,"_jetpack_memberships_contains_paid_content":false,"footnotes":""},"categories":[88],"tags":[],"class_list":{"0":"post-45563","1":"post","2":"type-post","3":"status-publish","4":"format-standard","5":"has-post-thumbnail","7":"category-matinhos"},"jetpack_featured_media_url":"https:\/\/www.paranapraia.com.br\/wp-content\/uploads\/2023\/04\/FB_IMG_1681991818444.jpg","jetpack_sharing_enabled":true,"_links":{"self":[{"href":"https:\/\/www.paranapraia.com.br\/index.php\/wp-json\/wp\/v2\/posts\/45563"}],"collection":[{"href":"https:\/\/www.paranapraia.com.br\/index.php\/wp-json\/wp\/v2\/posts"}],"about":[{"href":"https:\/\/www.paranapraia.com.br\/index.php\/wp-json\/wp\/v2\/types\/post"}],"author":[{"embeddable":true,"href":"https:\/\/www.paranapraia.com.br\/index.php\/wp-json\/wp\/v2\/users\/2"}],"replies":[{"embeddable":true,"href":"https:\/\/www.paranapraia.com.br\/index.php\/wp-json\/wp\/v2\/comments?post=45563"}],"version-history":[{"count":1,"href":"https:\/\/www.paranapraia.com.br\/index.php\/wp-json\/wp\/v2\/posts\/45563\/revisions"}],"predecessor-version":[{"id":45567,"href":"https:\/\/www.paranapraia.com.br\/index.php\/wp-json\/wp\/v2\/posts\/45563\/revisions\/45567"}],"wp:featuredmedia":[{"embeddable":true,"href":"https:\/\/www.paranapraia.com.br\/index.php\/wp-json\/wp\/v2\/media\/45564"}],"wp:attachment":[{"href":"https:\/\/www.paranapraia.com.br\/index.php\/wp-json\/wp\/v2\/media?parent=45563"}],"wp:term":[{"taxonomy":"category","embeddable":true,"href":"https:\/\/www.paranapraia.com.br\/index.php\/wp-json\/wp\/v2\/categories?post=45563"},{"taxonomy":"post_tag","embeddable":true,"href":"https:\/\/www.paranapraia.com.br\/index.php\/wp-json\/wp\/v2\/tags?post=45563"}],"curies":[{"name":"wp","href":"https:\/\/api.w.org\/{rel}","templated":true}]}}