{"id":45554,"date":"2023-04-20T08:28:11","date_gmt":"2023-04-20T11:28:11","guid":{"rendered":"https:\/\/www.paranapraia.com.br\/?p=45554"},"modified":"2023-04-20T08:28:12","modified_gmt":"2023-04-20T11:28:12","slug":"povos-indigenas-dao-exemplo-e-sao-o-grupo-prioritario-com-melhor-cobertura-vacinal-do-parana","status":"publish","type":"post","link":"https:\/\/www.paranapraia.com.br\/index.php\/2023\/04\/20\/povos-indigenas-dao-exemplo-e-sao-o-grupo-prioritario-com-melhor-cobertura-vacinal-do-parana\/","title":{"rendered":"Povos ind\u00edgenas d\u00e3o exemplo e s\u00e3o o grupo priorit\u00e1rio com melhor cobertura vacinal do Paran\u00e1"},"content":{"rendered":"\n<p>A popula\u00e7\u00e3o ind\u00edgena do Paran\u00e1 tem sido destaque nos \u00edndices de ades\u00e3o \u00e0s campanhas de vacina\u00e7\u00e3o no Paran\u00e1. De acordo com levantamento realizado pelo Distrito Sanit\u00e1rio Especial Ind\u00edgena Litoral Sul (DSEI\/LSUL), \u00f3rg\u00e3o respons\u00e1vel por organizar o cuidado em sa\u00fade na aten\u00e7\u00e3o prim\u00e1ria dos ind\u00edgenas no Estado, cerca de 45% dos ind\u00edgenas aldeados j\u00e1 foram vacinados contra Influenza, sendo, desta forma, o grupo priorit\u00e1rio com maior cobertura vacinal at\u00e9 o momento.<\/p>\n\n\n\n<p>Com rela\u00e7\u00e3o \u00e0s vacinas contra Covid-19, os indiv\u00edduos maiores de 18 anos est\u00e3o com esquema vacinal completo (10.693\/96,99%) e cerca de 97% dos ind\u00edgenas que vivem em aldeias no Estado est\u00e3o com todas as vacinas que contemplam o calend\u00e1rio vacinal em dia. Depois deles, os grupos que tamb\u00e9m acompanham bem o calend\u00e1rio s\u00e3o idosos e pu\u00e9rperas.Esse \u00edndice positivo \u00e9 resultado do esfor\u00e7o conjunto e apoio \u00e0 realiza\u00e7\u00e3o das a\u00e7\u00f5es desenvolvidas pela Secretaria de Estado da Sa\u00fade (Sesa), as prefeituras e a Uni\u00e3o. <\/p>\n\n\n\n<p>Neste Dia dos Povos Ind\u00edgenas (19), a pasta destaca as atividades desenvolvidas para garantir os direitos e ampliar o acesso ao cuidado integral \u00e0 sa\u00fade desta popula\u00e7\u00e3o.A respons\u00e1vel por coordenar e executar a Pol\u00edtica Nacional de Aten\u00e7\u00e3o \u00e0 Sa\u00fade dos Povos Ind\u00edgenas (PNASPI) \u00e9 a Secretaria Especial de Sa\u00fade Ind\u00edgena (SESAI), do Minist\u00e9rio da Sa\u00fade (MS), que, por sua vez, \u00e9 composta pelos Distritos Sanit\u00e1rios Especiais Ind\u00edgenas (DSEIs) \u2013 no Paran\u00e1, o DSEI\/LSUL.<\/p>\n\n\n\n<p>DADOS \u2013 De acordo com o Instituto Brasileiro de Geografia e Estat\u00edstica (IBGE), no Paran\u00e1 estima-se que a popula\u00e7\u00e3o ind\u00edgena seja de 25.915 pessoas. Destes, cerca de 17 mil ind\u00edgenas vivem em 67 aldeias, distribu\u00eddas em 30 munic\u00edpios paranaenses e os demais vivem nos centros urbanos.<\/p>\n\n\n\n<p>AEN<\/p>\n","protected":false},"excerpt":{"rendered":"<p>A popula\u00e7\u00e3o ind\u00edgena do Paran\u00e1 tem sido destaque nos \u00edndices de ades\u00e3o \u00e0s campanhas de vacina\u00e7\u00e3o no Paran\u00e1. De acordo com levantamento realizado pelo Distrito Sanit\u00e1rio Especial Ind\u00edgena Litoral Sul (DSEI\/LSUL), \u00f3rg\u00e3o respons\u00e1vel por organizar o cuidado em sa\u00fade na aten\u00e7\u00e3o prim\u00e1ria dos ind\u00edgenas no Estado, cerca de 45% dos ind\u00edgenas aldeados j\u00e1 foram vacinados [&hellip;]<\/p>\n","protected":false},"author":2,"featured_media":45555,"comment_status":"open","ping_status":"open","sticky":false,"template":"","format":"standard","meta":{"advanced_seo_description":"","jetpack_seo_html_title":"","jetpack_seo_noindex":false,"_jetpack_memberships_contains_paid_content":false,"footnotes":""},"categories":[50],"tags":[],"class_list":{"0":"post-45554","1":"post","2":"type-post","3":"status-publish","4":"format-standard","5":"has-post-thumbnail","7":"category-saude"},"jetpack_featured_media_url":"https:\/\/www.paranapraia.com.br\/wp-content\/uploads\/2023\/04\/20230227_agb_vacinacao_indigena-25_0-scaled.jpg","jetpack_sharing_enabled":true,"_links":{"self":[{"href":"https:\/\/www.paranapraia.com.br\/index.php\/wp-json\/wp\/v2\/posts\/45554"}],"collection":[{"href":"https:\/\/www.paranapraia.com.br\/index.php\/wp-json\/wp\/v2\/posts"}],"about":[{"href":"https:\/\/www.paranapraia.com.br\/index.php\/wp-json\/wp\/v2\/types\/post"}],"author":[{"embeddable":true,"href":"https:\/\/www.paranapraia.com.br\/index.php\/wp-json\/wp\/v2\/users\/2"}],"replies":[{"embeddable":true,"href":"https:\/\/www.paranapraia.com.br\/index.php\/wp-json\/wp\/v2\/comments?post=45554"}],"version-history":[{"count":1,"href":"https:\/\/www.paranapraia.com.br\/index.php\/wp-json\/wp\/v2\/posts\/45554\/revisions"}],"predecessor-version":[{"id":45556,"href":"https:\/\/www.paranapraia.com.br\/index.php\/wp-json\/wp\/v2\/posts\/45554\/revisions\/45556"}],"wp:featuredmedia":[{"embeddable":true,"href":"https:\/\/www.paranapraia.com.br\/index.php\/wp-json\/wp\/v2\/media\/45555"}],"wp:attachment":[{"href":"https:\/\/www.paranapraia.com.br\/index.php\/wp-json\/wp\/v2\/media?parent=45554"}],"wp:term":[{"taxonomy":"category","embeddable":true,"href":"https:\/\/www.paranapraia.com.br\/index.php\/wp-json\/wp\/v2\/categories?post=45554"},{"taxonomy":"post_tag","embeddable":true,"href":"https:\/\/www.paranapraia.com.br\/index.php\/wp-json\/wp\/v2\/tags?post=45554"}],"curies":[{"name":"wp","href":"https:\/\/api.w.org\/{rel}","templated":true}]}}