{"id":45551,"date":"2023-04-20T08:22:12","date_gmt":"2023-04-20T11:22:12","guid":{"rendered":"https:\/\/www.paranapraia.com.br\/?p=45551"},"modified":"2023-04-20T08:22:12","modified_gmt":"2023-04-20T11:22:12","slug":"governador-sanciona-lei-que-cria-o-conselho-dos-povos-indigenas-do-parana","status":"publish","type":"post","link":"https:\/\/www.paranapraia.com.br\/index.php\/2023\/04\/20\/governador-sanciona-lei-que-cria-o-conselho-dos-povos-indigenas-do-parana\/","title":{"rendered":"Governador sanciona lei que cria o Conselho dos Povos Ind\u00edgenas do Paran\u00e1"},"content":{"rendered":"\n<p>O governador Carlos Massa Ratinho Junior sancionou nesta quarta-feira (19) a lei ( 245\/2023 ) que cria o Conselho Estadual dos Povos Ind\u00edgenas do Paran\u00e1, pleiteado h\u00e1 quase 20 anos pelas comunidades ind\u00edgenas paranaenses. A assinatura ocorreu durante o evento, no Pal\u00e1cio Igua\u00e7u, que celebrou o Dia dos Povos Ind\u00edgenas e contou com a participa\u00e7\u00e3o de representantes das etnias Caigangue, Guarani e Xet\u00e1 e de outras presentes no Estado. <\/p>\n\n\n\n<p>Com participa\u00e7\u00e3o desses povos, a proposta do conselho \u00e9 formular a Pol\u00edtica Estadual para Povos Ind\u00edgenas, para incentivar a continuidade e a revitaliza\u00e7\u00e3o cultural dessas comunidades, como est\u00e1 previsto na Constitui\u00e7\u00e3o Federal. De acordo com a Secretaria de Estado da Mulher e Igualdade Racial, existem 63 aldeias ind\u00edgenas no Estado, onde vivem cerca de 26 mil pessoas.<\/p>\n\n\n\n<p><div> \u201cO conselho vai dar voz e oportunidades para que os pr\u00f3prios ind\u00edgenas possam decidir aquilo que \u00e9 melhor para suas comunidades e quais pol\u00edticas p\u00fablicas s\u00e3o priorit\u00e1rias para seus povos\u201d, afirmou Ratinho Junior. <\/div><\/p>\n\n\n\n<p><div>\u201cEstamos criando um canal direto e permanente com os povos origin\u00e1rios. O Paran\u00e1 tem v\u00e1rias comunidades ind\u00edgenas e queremos colaborar para que elas tenham seu ambiente preservado, mantendo sua cultura e tradi\u00e7\u00f5es, mas que tamb\u00e9m possam ter a oportunidade de estar nas universidades, criar suas cooperativas e gerar renda\u201d. <\/div><\/p>\n\n\n\n<p>A institui\u00e7\u00e3o do conselho est\u00e1 prevista para ocorrer em at\u00e9 seis meses, ap\u00f3s a realiza\u00e7\u00e3o da Confer\u00eancia Estadual dos Povos Ind\u00edgenas. O \u00f3rg\u00e3o ficar\u00e1 vinculado \u00e0 Secretaria da Mulher e Igualdade Racial e contar\u00e1 com 26 membros e seus respectivos suplentes. Entre estes, haver\u00e1 um representante da Funda\u00e7\u00e3o Nacional dos Povos Ind\u00edgenas (Funai), um da etnia Xet\u00e1, cinco da etnia Caigangue e cinco da etnia Guarani, al\u00e9m de dois representantes de organiza\u00e7\u00f5es n\u00e3o governamentais.<\/p>\n\n\n\n<p>Pelo Poder P\u00fablico, a lei prev\u00ea a participa\u00e7\u00e3o de representantes da Casa Civil, das secretarias de Estado da Mulher e Igualdade Racial, da Sa\u00fade, Seguran\u00e7a P\u00fablica, Turismo, Educa\u00e7\u00e3o, Desenvolvimento Sustent\u00e1vel, Desenvolvimento Social e Fam\u00edlia, Agricultura e Abastecimento, Cultura e Ci\u00eancia, Tecnologia e Ensino Superior.<\/p>\n\n\n\n<p>A secret\u00e1ria estadual da Mulher e Igualdade Racial, Leandre Dal Ponte, destacou o avan\u00e7o de criar um instrumento para que os povos ind\u00edgenas definam suas prioridades em termos de pol\u00edticas p\u00fablicas.<\/p>\n\n\n\n<p> \u201c\u00c9 uma frente para que possamos constituir a pol\u00edtica estadual voltada a essa popula\u00e7\u00e3o, que \u00e9 t\u00e3o importante para o nosso Estado e que tem necessidades espec\u00edficas\u201d, afirmou.\u201cNingu\u00e9m melhor do que quem vive nas terras ind\u00edgenas, quem pertence aos povos origin\u00e1rios, para trazer ao Estado aquilo que eles precisam e a melhor forma de execu\u00e7\u00e3o para que as pol\u00edticas estaduais possam chegar \u00e0s suas comunidades\u201d, ressaltou a secret\u00e1ria. <\/p>\n\n\n\n<p>\u201cVamos fazer um trabalho articulado com a Uni\u00e3o, com a sociedade civil que atua em defesa dos povos ind\u00edgenas e com as aldeias\u201d. O cacique caigangue Miguel Alves, da Terra Ind\u00edgena Alto Pinhal, de Clevel\u00e2ndia (Sudoeste), afirmou que h\u00e1 quase 20 anos os povos ind\u00edgenas pleiteiam a cria\u00e7\u00e3o de um conselho em que eles possam ser protagonistas das decis\u00f5es que afetam suas comunidades.<\/p>\n\n\n\n<p> \u201cEst\u00e1vamos ansiosos por esse momento, porque \u00e9 a esperan\u00e7a de poder levar pol\u00edticas p\u00fablicas e projetos diferenciados para dentro das terras ind\u00edgenas\u201d, disse.<\/p>\n\n\n\n<p>\u201cQueremos agradecer muito o governador porque passaram v\u00e1rios que n\u00e3o aprovaram a cria\u00e7\u00e3o do Conselho dos Povos Ind\u00edgenas, al\u00e9m dos deputados que apoiaram esse projeto. Todos os deputados votaram pela aprova\u00e7\u00e3o desse projeto, o que nos deixa muito felizes\u201d, destacou o cacique. \u201cNossos maiores pleitos s\u00e3o habita\u00e7\u00e3o, renova\u00e7\u00e3o da educa\u00e7\u00e3o ind\u00edgena e cotas para ind\u00edgenas nos concursos p\u00fablicos, al\u00e9m da sa\u00fade e meio ambiente\u201d.<\/p>\n\n\n\n<p>AEN<\/p>\n","protected":false},"excerpt":{"rendered":"<p>O governador Carlos Massa Ratinho Junior sancionou nesta quarta-feira (19) a lei ( 245\/2023 ) que cria o Conselho Estadual dos Povos Ind\u00edgenas do Paran\u00e1, pleiteado h\u00e1 quase 20 anos pelas comunidades ind\u00edgenas paranaenses. A assinatura ocorreu durante o evento, no Pal\u00e1cio Igua\u00e7u, que celebrou o Dia dos Povos Ind\u00edgenas e contou com a participa\u00e7\u00e3o [&hellip;]<\/p>\n","protected":false},"author":2,"featured_media":45552,"comment_status":"open","ping_status":"open","sticky":false,"template":"","format":"standard","meta":{"advanced_seo_description":"","jetpack_seo_html_title":"","jetpack_seo_noindex":false,"_jetpack_memberships_contains_paid_content":false,"footnotes":""},"categories":[40],"tags":[],"class_list":{"0":"post-45551","1":"post","2":"type-post","3":"status-publish","4":"format-standard","5":"has-post-thumbnail","7":"category-destaques"},"jetpack_featured_media_url":"https:\/\/www.paranapraia.com.br\/wp-content\/uploads\/2023\/04\/conselho_povos_indigenas_foto_rdziura-8976-scaled.jpg","jetpack_sharing_enabled":true,"_links":{"self":[{"href":"https:\/\/www.paranapraia.com.br\/index.php\/wp-json\/wp\/v2\/posts\/45551"}],"collection":[{"href":"https:\/\/www.paranapraia.com.br\/index.php\/wp-json\/wp\/v2\/posts"}],"about":[{"href":"https:\/\/www.paranapraia.com.br\/index.php\/wp-json\/wp\/v2\/types\/post"}],"author":[{"embeddable":true,"href":"https:\/\/www.paranapraia.com.br\/index.php\/wp-json\/wp\/v2\/users\/2"}],"replies":[{"embeddable":true,"href":"https:\/\/www.paranapraia.com.br\/index.php\/wp-json\/wp\/v2\/comments?post=45551"}],"version-history":[{"count":1,"href":"https:\/\/www.paranapraia.com.br\/index.php\/wp-json\/wp\/v2\/posts\/45551\/revisions"}],"predecessor-version":[{"id":45553,"href":"https:\/\/www.paranapraia.com.br\/index.php\/wp-json\/wp\/v2\/posts\/45551\/revisions\/45553"}],"wp:featuredmedia":[{"embeddable":true,"href":"https:\/\/www.paranapraia.com.br\/index.php\/wp-json\/wp\/v2\/media\/45552"}],"wp:attachment":[{"href":"https:\/\/www.paranapraia.com.br\/index.php\/wp-json\/wp\/v2\/media?parent=45551"}],"wp:term":[{"taxonomy":"category","embeddable":true,"href":"https:\/\/www.paranapraia.com.br\/index.php\/wp-json\/wp\/v2\/categories?post=45551"},{"taxonomy":"post_tag","embeddable":true,"href":"https:\/\/www.paranapraia.com.br\/index.php\/wp-json\/wp\/v2\/tags?post=45551"}],"curies":[{"name":"wp","href":"https:\/\/api.w.org\/{rel}","templated":true}]}}