{"id":45547,"date":"2023-04-19T15:33:30","date_gmt":"2023-04-19T18:33:30","guid":{"rendered":"https:\/\/www.paranapraia.com.br\/?p=45547"},"modified":"2023-04-19T15:33:31","modified_gmt":"2023-04-19T18:33:31","slug":"matinhense-luara-mandelli-conquista-feito-inedito-no-surf-fora-do-pais","status":"publish","type":"post","link":"https:\/\/www.paranapraia.com.br\/index.php\/2023\/04\/19\/matinhense-luara-mandelli-conquista-feito-inedito-no-surf-fora-do-pais\/","title":{"rendered":"Matinhense Luara Mandelli conquista feito in\u00e9dito no surf fora do pa\u00eds"},"content":{"rendered":"\n<p>O surf de Matinhos segue fazendo bonito, at\u00e9 no exterior. No \u00faltimo fim de semana, Luara Mandelli disputou o Punta Rocas Open Pro, organizado pela WSL, no Peru. <\/p>\n\n\n\n<figure class=\"wp-block-image size-large\"><img loading=\"lazy\" decoding=\"async\" width=\"840\" height=\"1024\" src=\"https:\/\/www.paranapraia.com.br\/wp-content\/uploads\/2023\/04\/FB_IMG_1681928934454-840x1024.jpg\" alt=\"\" class=\"wp-image-45549\" srcset=\"https:\/\/www.paranapraia.com.br\/wp-content\/uploads\/2023\/04\/FB_IMG_1681928934454-840x1024.jpg 840w, https:\/\/www.paranapraia.com.br\/wp-content\/uploads\/2023\/04\/FB_IMG_1681928934454-246x300.jpg 246w, https:\/\/www.paranapraia.com.br\/wp-content\/uploads\/2023\/04\/FB_IMG_1681928934454-768x936.jpg 768w, https:\/\/www.paranapraia.com.br\/wp-content\/uploads\/2023\/04\/FB_IMG_1681928934454-696x848.jpg 696w, https:\/\/www.paranapraia.com.br\/wp-content\/uploads\/2023\/04\/FB_IMG_1681928934454-1068x1301.jpg 1068w, https:\/\/www.paranapraia.com.br\/wp-content\/uploads\/2023\/04\/FB_IMG_1681928934454-345x420.jpg 345w, https:\/\/www.paranapraia.com.br\/wp-content\/uploads\/2023\/04\/FB_IMG_1681928934454.jpg 1080w\" sizes=\"(max-width: 840px) 100vw, 840px\" \/><\/figure>\n\n\n\n<p>A competi\u00e7\u00e3o, realizada entre os dias 13 a 16, contou com v\u00e1rios competidores da Am\u00e9rica Latina na luta pelo t\u00edtulo. E a jovem promessa de Matinhos fez boas baterias e mostrou um surf s\u00f3lido. No fim, a atleta de 14 anos ficou com a 3\u00ba coloca\u00e7\u00e3o no QS o 5\u00aa lugar no Pr\u00f3-j\u00fanior.<\/p>\n\n\n\n<p>\u201cAinda sem acreditar e muito feliz. Eu n\u00e3o iria competir nesse evento por ser fora do pa\u00eds. Como seria meu primeiro ano competindo os eventos da WSL, optamos em come\u00e7ar pelos eventos no Brasil. Mas de \u00faltima hora minha fam\u00edlia se mobilizou e conseguimos ir (ao Peru). Punta Rocas \u00e9 incr\u00edvel, a onda \u00e9 muito boa e a experi\u00eancia de competir com atletas de ponta foi muito legal. Isso fez toda a diferen\u00e7a e esse resultado com certeza foi o melhor da minha vida\u201d, disse Luara.<\/p>\n\n\n\n<p>Embalada pelos bons resultados de 2022 com o t\u00edtulo brasileiro na sub-14, al\u00e9m da vaga para representar o Brasil na sele\u00e7\u00e3o j\u00fanior, a matinhense busca agora uma nova fase. Focando em sua evolu\u00e7\u00e3o t\u00e9cnica, Luara pretende disputar o t\u00edtulo brasileiro amador e buscar experi\u00eancia nos eventos profissionais pelo pa\u00eds. Tamb\u00e9m vai tentar conquistar a vaga para o dream tour, o circuito Pr\u00f3-j\u00fanior, e representar o Brasil no ISA GAMES, o mundial j\u00fanior, que ainda n\u00e3o tem local definido, mas foi confirmado para 2023 .<\/p>\n\n\n\n<p>Com patroc\u00ednio de grandes empresas brasileiras, o apoio da sua fam\u00edlia e o acompanhamento t\u00e9cnico Leandro Dora, a jovem atleta vem escrevendo sua hist\u00f3ria e colhendo bons frutos. E o pr\u00f3ximo compromisso de Luara j\u00e1 est\u00e1 marcado: \u00e9 o QS e Pr\u00f3-j\u00fanior 5000 no Saquarema Festival, que acontece de 24 a 30 deste m\u00eas, na Praia de Ita\u00fana.<\/p>\n\n\n\n<p> Imagens @\u200clorenzosurf2021 Lorenzo Bazo<\/p>\n\n\n\n<p>Com informa\u00e7\u00f5es da assessoria de Luara Mandelli<\/p>\n\n\n\n<p>Departamento de Comunica\u00e7\u00e3o<\/p>\n","protected":false},"excerpt":{"rendered":"<p>O surf de Matinhos segue fazendo bonito, at\u00e9 no exterior. No \u00faltimo fim de semana, Luara Mandelli disputou o Punta Rocas Open Pro, organizado pela WSL, no Peru. A competi\u00e7\u00e3o, realizada entre os dias 13 a 16, contou com v\u00e1rios competidores da Am\u00e9rica Latina na luta pelo t\u00edtulo. E a jovem promessa de Matinhos fez [&hellip;]<\/p>\n","protected":false},"author":2,"featured_media":45548,"comment_status":"open","ping_status":"open","sticky":false,"template":"","format":"standard","meta":{"advanced_seo_description":"","jetpack_seo_html_title":"","jetpack_seo_noindex":false,"_jetpack_memberships_contains_paid_content":false,"footnotes":""},"categories":[40],"tags":[],"class_list":{"0":"post-45547","1":"post","2":"type-post","3":"status-publish","4":"format-standard","5":"has-post-thumbnail","7":"category-destaques"},"jetpack_featured_media_url":"https:\/\/www.paranapraia.com.br\/wp-content\/uploads\/2023\/04\/FB_IMG_1681928932029.jpg","jetpack_sharing_enabled":true,"_links":{"self":[{"href":"https:\/\/www.paranapraia.com.br\/index.php\/wp-json\/wp\/v2\/posts\/45547"}],"collection":[{"href":"https:\/\/www.paranapraia.com.br\/index.php\/wp-json\/wp\/v2\/posts"}],"about":[{"href":"https:\/\/www.paranapraia.com.br\/index.php\/wp-json\/wp\/v2\/types\/post"}],"author":[{"embeddable":true,"href":"https:\/\/www.paranapraia.com.br\/index.php\/wp-json\/wp\/v2\/users\/2"}],"replies":[{"embeddable":true,"href":"https:\/\/www.paranapraia.com.br\/index.php\/wp-json\/wp\/v2\/comments?post=45547"}],"version-history":[{"count":1,"href":"https:\/\/www.paranapraia.com.br\/index.php\/wp-json\/wp\/v2\/posts\/45547\/revisions"}],"predecessor-version":[{"id":45550,"href":"https:\/\/www.paranapraia.com.br\/index.php\/wp-json\/wp\/v2\/posts\/45547\/revisions\/45550"}],"wp:featuredmedia":[{"embeddable":true,"href":"https:\/\/www.paranapraia.com.br\/index.php\/wp-json\/wp\/v2\/media\/45548"}],"wp:attachment":[{"href":"https:\/\/www.paranapraia.com.br\/index.php\/wp-json\/wp\/v2\/media?parent=45547"}],"wp:term":[{"taxonomy":"category","embeddable":true,"href":"https:\/\/www.paranapraia.com.br\/index.php\/wp-json\/wp\/v2\/categories?post=45547"},{"taxonomy":"post_tag","embeddable":true,"href":"https:\/\/www.paranapraia.com.br\/index.php\/wp-json\/wp\/v2\/tags?post=45547"}],"curies":[{"name":"wp","href":"https:\/\/api.w.org\/{rel}","templated":true}]}}