{"id":45543,"date":"2023-04-19T14:30:09","date_gmt":"2023-04-19T17:30:09","guid":{"rendered":"https:\/\/www.paranapraia.com.br\/?p=45543"},"modified":"2023-04-19T14:30:10","modified_gmt":"2023-04-19T17:30:10","slug":"animais-de-servico-poderao-entrar-e-ficar-em-ambientes-coletivos-no-parana","status":"publish","type":"post","link":"https:\/\/www.paranapraia.com.br\/index.php\/2023\/04\/19\/animais-de-servico-poderao-entrar-e-ficar-em-ambientes-coletivos-no-parana\/","title":{"rendered":"Animais de servi\u00e7o poder\u00e3o entrar e ficar em ambientes coletivos no Paran\u00e1"},"content":{"rendered":"\n<p>Garantir o direito da pessoa com defici\u00eancia mental, intelectual ou sensorial de ingressar e permanecer em ambientes de uso coletivo como meios de transporte, estabelecimentos abertos ao p\u00fablico e privados acompanhados de animal de servi\u00e7o de alerta m\u00e9dico e de suporte emocional, \u00e9 o que pretende o deputado Anibelli Neto (MDB) com o projeto de lei 294\/2023, apresentado nesta quarta-feira (19) na Assembleia Legislativa do Paran\u00e1.<\/p>\n\n\n\n<p>Segundo o deputado Anibelli Neto, a proposta busca favorecer a mobilidade e autonomia dessas pessoas, contribuindo para evitar que elas se vejam em situa\u00e7\u00f5es perigosas quando circulam em locais com pouca acessibilidade ou ambientes que consideram n\u00e3o seguros. Al\u00e9m disso, a medida visa amenizar o sofrimento do isolamento social, promovendo a socializa\u00e7\u00e3o, responsabilidade e motiva\u00e7\u00e3o.<\/p>\n\n\n\n<figure class=\"wp-block-image size-large\"><img loading=\"lazy\" decoding=\"async\" width=\"1024\" height=\"682\" src=\"https:\/\/www.paranapraia.com.br\/wp-content\/uploads\/2023\/04\/anibelli1904-1024x682.jpeg\" alt=\"\" class=\"wp-image-45544\" srcset=\"https:\/\/www.paranapraia.com.br\/wp-content\/uploads\/2023\/04\/anibelli1904-1024x682.jpeg 1024w, https:\/\/www.paranapraia.com.br\/wp-content\/uploads\/2023\/04\/anibelli1904-300x200.jpeg 300w, https:\/\/www.paranapraia.com.br\/wp-content\/uploads\/2023\/04\/anibelli1904-768x512.jpeg 768w, https:\/\/www.paranapraia.com.br\/wp-content\/uploads\/2023\/04\/anibelli1904-1536x1023.jpeg 1536w, https:\/\/www.paranapraia.com.br\/wp-content\/uploads\/2023\/04\/anibelli1904-696x464.jpeg 696w, https:\/\/www.paranapraia.com.br\/wp-content\/uploads\/2023\/04\/anibelli1904-1068x712.jpeg 1068w, https:\/\/www.paranapraia.com.br\/wp-content\/uploads\/2023\/04\/anibelli1904-630x420.jpeg 630w, https:\/\/www.paranapraia.com.br\/wp-content\/uploads\/2023\/04\/anibelli1904.jpeg 1600w\" sizes=\"(max-width: 1024px) 100vw, 1024px\" \/><\/figure>\n\n\n\n<p>O projeto permite tamb\u00e9m que a pessoa com transtorno do espectro autista (TEA) e a fam\u00edlia hospedeira, possam manter em sua resid\u00eancia os animais sem a aplica\u00e7\u00e3o de quaisquer restri\u00e7\u00f5es previstas em conven\u00e7\u00e3o, regimento interno ou regulamento condominiais.<\/p>\n\n\n\n<p>De acordo com o texto, qualquer tentativa de impedir ou dificultar o direito previsto no projeto, constitui ato de discrimina\u00e7\u00e3o, a ser apenado com interdi\u00e7\u00e3o e multa. Al\u00e9m disso, fica vedada a cobran\u00e7a de valores, tarifas ou acr\u00e9scimos vinculados, direta ou indiretamente, ao ingresso ou \u00e0 presen\u00e7a dos animais de alerta m\u00e9dico e de suporte emocional.<\/p>\n\n\n\n<p><div>\u201cA inova\u00e7\u00e3o legislativa deste projeto, regulamenta o que j\u00e1 acontece com o c\u00e3o-guia para pessoas com defici\u00eancia visual, al\u00e9m de p\u00f4r fim \u00e0s a\u00e7\u00f5es judiciais em busca desse direito\u201d, justificou Anibelli Neto.<\/div><\/p>\n\n\n\n<p>Assessoria<\/p>\n","protected":false},"excerpt":{"rendered":"<p>Garantir o direito da pessoa com defici\u00eancia mental, intelectual ou sensorial de ingressar e permanecer em ambientes de uso coletivo como meios de transporte, estabelecimentos abertos ao p\u00fablico e privados acompanhados de animal de servi\u00e7o de alerta m\u00e9dico e de suporte emocional, \u00e9 o que pretende o deputado Anibelli Neto (MDB) com o projeto de [&hellip;]<\/p>\n","protected":false},"author":2,"featured_media":45545,"comment_status":"open","ping_status":"open","sticky":false,"template":"","format":"standard","meta":{"advanced_seo_description":"","jetpack_seo_html_title":"","jetpack_seo_noindex":false,"_jetpack_memberships_contains_paid_content":false,"footnotes":""},"categories":[40],"tags":[],"class_list":{"0":"post-45543","1":"post","2":"type-post","3":"status-publish","4":"format-standard","5":"has-post-thumbnail","7":"category-destaques"},"jetpack_featured_media_url":"https:\/\/www.paranapraia.com.br\/wp-content\/uploads\/2023\/04\/IMG-20230419-WA0030.jpg","jetpack_sharing_enabled":true,"_links":{"self":[{"href":"https:\/\/www.paranapraia.com.br\/index.php\/wp-json\/wp\/v2\/posts\/45543"}],"collection":[{"href":"https:\/\/www.paranapraia.com.br\/index.php\/wp-json\/wp\/v2\/posts"}],"about":[{"href":"https:\/\/www.paranapraia.com.br\/index.php\/wp-json\/wp\/v2\/types\/post"}],"author":[{"embeddable":true,"href":"https:\/\/www.paranapraia.com.br\/index.php\/wp-json\/wp\/v2\/users\/2"}],"replies":[{"embeddable":true,"href":"https:\/\/www.paranapraia.com.br\/index.php\/wp-json\/wp\/v2\/comments?post=45543"}],"version-history":[{"count":1,"href":"https:\/\/www.paranapraia.com.br\/index.php\/wp-json\/wp\/v2\/posts\/45543\/revisions"}],"predecessor-version":[{"id":45546,"href":"https:\/\/www.paranapraia.com.br\/index.php\/wp-json\/wp\/v2\/posts\/45543\/revisions\/45546"}],"wp:featuredmedia":[{"embeddable":true,"href":"https:\/\/www.paranapraia.com.br\/index.php\/wp-json\/wp\/v2\/media\/45545"}],"wp:attachment":[{"href":"https:\/\/www.paranapraia.com.br\/index.php\/wp-json\/wp\/v2\/media?parent=45543"}],"wp:term":[{"taxonomy":"category","embeddable":true,"href":"https:\/\/www.paranapraia.com.br\/index.php\/wp-json\/wp\/v2\/categories?post=45543"},{"taxonomy":"post_tag","embeddable":true,"href":"https:\/\/www.paranapraia.com.br\/index.php\/wp-json\/wp\/v2\/tags?post=45543"}],"curies":[{"name":"wp","href":"https:\/\/api.w.org\/{rel}","templated":true}]}}