{"id":45534,"date":"2023-04-18T20:14:10","date_gmt":"2023-04-18T23:14:10","guid":{"rendered":"https:\/\/www.paranapraia.com.br\/?p=45534"},"modified":"2023-04-18T20:14:11","modified_gmt":"2023-04-18T23:14:11","slug":"restaurante-cidadao-e-anunciado-no-bairro-porto-seguro-em-paranagua","status":"publish","type":"post","link":"https:\/\/www.paranapraia.com.br\/index.php\/2023\/04\/18\/restaurante-cidadao-e-anunciado-no-bairro-porto-seguro-em-paranagua\/","title":{"rendered":"Restaurante Cidad\u00e3o \u00e9 anunciado no bairro Porto Seguro em Paranagu\u00e1"},"content":{"rendered":"\n<p>O vereador Welington Frandji (Pode) representou a C\u00e2mara Municipal de Paranagu\u00e1, na tarde de segunda-feira (17), na cerim\u00f4nia de assinatura do Termo de Conv\u00eanio, entre a prefeitura de Paranagu\u00e1 e o Instituto Federal do Paran\u00e1 (Campus Paranagu\u00e1), para a implanta\u00e7\u00e3o do Programa Restaurante Cidad\u00e3o nas depend\u00eancias do pr\u00e9dio do IFPR Paranagu\u00e1.<\/p>\n\n\n\n<figure class=\"wp-block-image size-large\"><img loading=\"lazy\" decoding=\"async\" width=\"945\" height=\"771\" src=\"https:\/\/www.paranapraia.com.br\/wp-content\/uploads\/2023\/04\/FB_IMG_1681859496646.jpg\" alt=\"\" class=\"wp-image-45536\" srcset=\"https:\/\/www.paranapraia.com.br\/wp-content\/uploads\/2023\/04\/FB_IMG_1681859496646.jpg 945w, https:\/\/www.paranapraia.com.br\/wp-content\/uploads\/2023\/04\/FB_IMG_1681859496646-300x245.jpg 300w, https:\/\/www.paranapraia.com.br\/wp-content\/uploads\/2023\/04\/FB_IMG_1681859496646-768x627.jpg 768w, https:\/\/www.paranapraia.com.br\/wp-content\/uploads\/2023\/04\/FB_IMG_1681859496646-696x568.jpg 696w, https:\/\/www.paranapraia.com.br\/wp-content\/uploads\/2023\/04\/FB_IMG_1681859496646-515x420.jpg 515w\" sizes=\"(max-width: 945px) 100vw, 945px\" \/><\/figure>\n\n\n\n<p>INICIATIVA DO VEREADOR<\/p>\n\n\n\n<p>O pedido para que o local (IFPR Paranagu\u00e1) recebesse o espa\u00e7o gastron\u00f4mico de cunho social foi formalizado em 17 de fevereiro 2021, data em que foi apresentada na C\u00e2mara Municipal de Paranagu\u00e1 a indica\u00e7\u00e3o legislativa , de autoria do vereador Welington Frandji, para que a prefeitura viabilizasse estudos que visassem a parceria ora firmada.<\/p>\n\n\n\n<p>PALAVRAS DO VEREADOR <\/p>\n\n\n\n<p><div>\u201cA constru\u00e7\u00e3o de um restaurante popular, o qual ser\u00e1 chamado de Restaurante Cidad\u00e3o, foi uma proposta pensada como forma de unir a qualidade alimentar dos alunos do IFPR-PR, bem como contribuir para que a popula\u00e7\u00e3o do bairro Porto Seguro e adjac\u00eancias tenham a oportunidade de almo\u00e7ar pagando pre\u00e7os populares, assim como ocorre no centro da cidade\u201d,  explicou o vereador.<\/div><\/p>\n\n\n\n<p>De acordo com o edil, a elabora\u00e7\u00e3o da indica\u00e7\u00e3o para que o bairro do Porto Seguro passe a contar com um restaurante social ser\u00e1 um motivo de profundo orgulho. \u201cParticipar de algo que vai transformar a vida de milhares de pessoas \u00e9 algo que n\u00e3o tem pre\u00e7o\u201d, disse o parlamentar.<\/p>\n\n\n\n<p>Assessoria<\/p>\n","protected":false},"excerpt":{"rendered":"<p>O vereador Welington Frandji (Pode) representou a C\u00e2mara Municipal de Paranagu\u00e1, na tarde de segunda-feira (17), na cerim\u00f4nia de assinatura do Termo de Conv\u00eanio, entre a prefeitura de Paranagu\u00e1 e o Instituto Federal do Paran\u00e1 (Campus Paranagu\u00e1), para a implanta\u00e7\u00e3o do Programa Restaurante Cidad\u00e3o nas depend\u00eancias do pr\u00e9dio do IFPR Paranagu\u00e1. INICIATIVA DO VEREADOR O [&hellip;]<\/p>\n","protected":false},"author":2,"featured_media":45535,"comment_status":"open","ping_status":"open","sticky":false,"template":"","format":"standard","meta":{"advanced_seo_description":"","jetpack_seo_html_title":"","jetpack_seo_noindex":false,"_jetpack_memberships_contains_paid_content":false,"footnotes":""},"categories":[40],"tags":[],"class_list":{"0":"post-45534","1":"post","2":"type-post","3":"status-publish","4":"format-standard","5":"has-post-thumbnail","7":"category-destaques"},"jetpack_featured_media_url":"https:\/\/www.paranapraia.com.br\/wp-content\/uploads\/2023\/04\/FB_IMG_1681859493195.jpg","jetpack_sharing_enabled":true,"_links":{"self":[{"href":"https:\/\/www.paranapraia.com.br\/index.php\/wp-json\/wp\/v2\/posts\/45534"}],"collection":[{"href":"https:\/\/www.paranapraia.com.br\/index.php\/wp-json\/wp\/v2\/posts"}],"about":[{"href":"https:\/\/www.paranapraia.com.br\/index.php\/wp-json\/wp\/v2\/types\/post"}],"author":[{"embeddable":true,"href":"https:\/\/www.paranapraia.com.br\/index.php\/wp-json\/wp\/v2\/users\/2"}],"replies":[{"embeddable":true,"href":"https:\/\/www.paranapraia.com.br\/index.php\/wp-json\/wp\/v2\/comments?post=45534"}],"version-history":[{"count":1,"href":"https:\/\/www.paranapraia.com.br\/index.php\/wp-json\/wp\/v2\/posts\/45534\/revisions"}],"predecessor-version":[{"id":45537,"href":"https:\/\/www.paranapraia.com.br\/index.php\/wp-json\/wp\/v2\/posts\/45534\/revisions\/45537"}],"wp:featuredmedia":[{"embeddable":true,"href":"https:\/\/www.paranapraia.com.br\/index.php\/wp-json\/wp\/v2\/media\/45535"}],"wp:attachment":[{"href":"https:\/\/www.paranapraia.com.br\/index.php\/wp-json\/wp\/v2\/media?parent=45534"}],"wp:term":[{"taxonomy":"category","embeddable":true,"href":"https:\/\/www.paranapraia.com.br\/index.php\/wp-json\/wp\/v2\/categories?post=45534"},{"taxonomy":"post_tag","embeddable":true,"href":"https:\/\/www.paranapraia.com.br\/index.php\/wp-json\/wp\/v2\/tags?post=45534"}],"curies":[{"name":"wp","href":"https:\/\/api.w.org\/{rel}","templated":true}]}}