{"id":45530,"date":"2023-04-18T15:58:23","date_gmt":"2023-04-18T18:58:23","guid":{"rendered":"https:\/\/www.paranapraia.com.br\/?p=45530"},"modified":"2023-04-18T15:58:24","modified_gmt":"2023-04-18T18:58:24","slug":"corrida-do-porto-beneficia-17-entidades-do-litoral-com-980-cestas-basicas","status":"publish","type":"post","link":"https:\/\/www.paranapraia.com.br\/index.php\/2023\/04\/18\/corrida-do-porto-beneficia-17-entidades-do-litoral-com-980-cestas-basicas\/","title":{"rendered":"Corrida do Porto beneficia 17 entidades do Litoral com 980 cestas b\u00e1sicas"},"content":{"rendered":"\n<p>A primeira Corrida do Porto de Paranagu\u00e1, que aconteceu no \u00faltimo domingo (16) pela manh\u00e3, terminou com in\u00fameros vencedores. A prova foi um sucesso de p\u00fablico, com mais de 1.200 atletas. Eles praticaram caminhada ou corrida e viram de perto como \u00e9 uma estrutura portu\u00e1ria por dentro dos muros. Foi um grande evento esportivo e de solidariedade, que contou com arrecada\u00e7\u00e3o de cestas b\u00e1sicas, que foram entregues nesta ter\u00e7a (18) para 17 institui\u00e7\u00f5es beneficentes do Litoral.<\/p>\n\n\n\n<p><div>\u201cA inten\u00e7\u00e3o era ter um evento que aproximasse a autoridade portu\u00e1ria da comunidade, abrindo nossos port\u00f5es para a popula\u00e7\u00e3o e, ao mesmo tempo, revertendo o que foi arrecadado nas inscri\u00e7\u00f5es para quem mais precisa\u201d, destacou o diretor-presidente da Portos do Paran\u00e1, Luiz Fernando Garcia.<\/div><\/p>\n\n\n\n<p>Ao todo, 980 cestas b\u00e1sicas foram entregues para as seguintes institui\u00e7\u00f5es: Asilo S\u00e3o Vicente de Paulo, Asilo Perseveran\u00e7a, Instituto Peito Aberto, Rede Feminina, Instituto Sentir a Vida, Apae (Morretes, Antonina, Paranagu\u00e1, Matinhos e Guaratuba), Betel, ACM, Casa da Amizade, Very Good, Centro de Atendimento Integrado \u00e0 Crian\u00e7as e Adolescentes V\u00edtimas de Viol\u00eancia, Boas Novas e Prefeitura de Antonina.<\/p>\n\n\n\n<p><div>\u201cComemoramos o anivers\u00e1rio do Porto de Paranagu\u00e1, incentivamos o esporte e conseguimos ajudar quem precisa. \u00c9 a Portos do Paran\u00e1 melhorando, a cada dia que passa, a rela\u00e7\u00e3o entre o porto e a cidade. Por isso, na 1\u00aa Corrida do Porto, todos fomos vencedores\u201d, comemorou Andr\u00e9 Pioli, diretor de Desenvolvimento Empresarial da Portos do Paran\u00e1.<\/div><\/p>\n\n\n\n<p>Thayze Luchetta, head comercial da Global Vita, empresa respons\u00e1vel pela organiza\u00e7\u00e3o da prova, disse que o engajamento facilitou a prova. \u201c\u00c9 uma grande satisfa\u00e7\u00e3o entregar as cestas porque reflete todo esse engajamento da comunidade, dos atletas, da Portos do Paran\u00e1, do Governo do Estado para conseguir essa ajuda para as entidades que precisam\u201d, destacou.<\/p>\n\n\n\n<p>Os empregados da Portos do Paran\u00e1 se emocionaram na entrega. \u201cAjudar as entidades que necessitam \u00e9 important\u00edssimo e o que o Porto est\u00e1 fazendo \u00e9 muito legal de ver e que continue. A gente est\u00e1 procurando ajudar quem mais necessita\u201d, disse Jos\u00e9 Ot\u00e1vio Silva de Souza, auxiliar de Servi\u00e7os Gerais.Quem recebeu as cestas comemorou a solidariedade. <\/p>\n\n\n\n<p>\u201cN\u00f3s cuidados de 45 idosos de 60 a 100 anos e essa doa\u00e7\u00e3o chegou num bom momento porque n\u00f3s realmente est\u00e1vamos precisando. N\u00f3s agradecemos a todos que se empenharam nessa doa\u00e7\u00e3o\u201d, apontou a irm\u00e3 Maria Tarciso, administradora do Asilo S\u00e3o Vicente de Paulo.<\/p>\n\n\n\n<p>AEN<\/p>\n","protected":false},"excerpt":{"rendered":"<p>A primeira Corrida do Porto de Paranagu\u00e1, que aconteceu no \u00faltimo domingo (16) pela manh\u00e3, terminou com in\u00fameros vencedores. A prova foi um sucesso de p\u00fablico, com mais de 1.200 atletas. Eles praticaram caminhada ou corrida e viram de perto como \u00e9 uma estrutura portu\u00e1ria por dentro dos muros. Foi um grande evento esportivo e [&hellip;]<\/p>\n","protected":false},"author":2,"featured_media":45531,"comment_status":"open","ping_status":"open","sticky":false,"template":"","format":"standard","meta":{"advanced_seo_description":"","jetpack_seo_html_title":"","jetpack_seo_noindex":false,"_jetpack_memberships_contains_paid_content":false,"footnotes":""},"categories":[40],"tags":[],"class_list":{"0":"post-45530","1":"post","2":"type-post","3":"status-publish","4":"format-standard","5":"has-post-thumbnail","7":"category-destaques"},"jetpack_featured_media_url":"https:\/\/www.paranapraia.com.br\/wp-content\/uploads\/2023\/04\/img_0023_copiar-scaled.jpg","jetpack_sharing_enabled":true,"_links":{"self":[{"href":"https:\/\/www.paranapraia.com.br\/index.php\/wp-json\/wp\/v2\/posts\/45530"}],"collection":[{"href":"https:\/\/www.paranapraia.com.br\/index.php\/wp-json\/wp\/v2\/posts"}],"about":[{"href":"https:\/\/www.paranapraia.com.br\/index.php\/wp-json\/wp\/v2\/types\/post"}],"author":[{"embeddable":true,"href":"https:\/\/www.paranapraia.com.br\/index.php\/wp-json\/wp\/v2\/users\/2"}],"replies":[{"embeddable":true,"href":"https:\/\/www.paranapraia.com.br\/index.php\/wp-json\/wp\/v2\/comments?post=45530"}],"version-history":[{"count":1,"href":"https:\/\/www.paranapraia.com.br\/index.php\/wp-json\/wp\/v2\/posts\/45530\/revisions"}],"predecessor-version":[{"id":45532,"href":"https:\/\/www.paranapraia.com.br\/index.php\/wp-json\/wp\/v2\/posts\/45530\/revisions\/45532"}],"wp:featuredmedia":[{"embeddable":true,"href":"https:\/\/www.paranapraia.com.br\/index.php\/wp-json\/wp\/v2\/media\/45531"}],"wp:attachment":[{"href":"https:\/\/www.paranapraia.com.br\/index.php\/wp-json\/wp\/v2\/media?parent=45530"}],"wp:term":[{"taxonomy":"category","embeddable":true,"href":"https:\/\/www.paranapraia.com.br\/index.php\/wp-json\/wp\/v2\/categories?post=45530"},{"taxonomy":"post_tag","embeddable":true,"href":"https:\/\/www.paranapraia.com.br\/index.php\/wp-json\/wp\/v2\/tags?post=45530"}],"curies":[{"name":"wp","href":"https:\/\/api.w.org\/{rel}","templated":true}]}}