{"id":45527,"date":"2023-04-18T12:57:54","date_gmt":"2023-04-18T15:57:54","guid":{"rendered":"https:\/\/www.paranapraia.com.br\/?p=45527"},"modified":"2023-04-18T12:57:54","modified_gmt":"2023-04-18T15:57:54","slug":"trecho-da-br-376-entre-parana-e-santa-catarina-volta-a-ser-interditado-por-seguranca-diz-concessionaria","status":"publish","type":"post","link":"https:\/\/www.paranapraia.com.br\/index.php\/2023\/04\/18\/trecho-da-br-376-entre-parana-e-santa-catarina-volta-a-ser-interditado-por-seguranca-diz-concessionaria\/","title":{"rendered":"Trecho da BR-376 entre Paran\u00e1 e Santa Catarina volta a ser interditado por seguran\u00e7a, diz concession\u00e1ria"},"content":{"rendered":"\n<p>Um trecho da BR-376 em Guaratuba, no litoral Paran\u00e1, voltou a ser interditado nos dois sentidos na manh\u00e3 desta ter\u00e7a-feira (18). <\/p>\n\n\n\n<p>De acordo com a concession\u00e1ria Arteris Litoral Sul, a decis\u00e3o considera o acumulado de chuvas registrados na regi\u00e3o.Conforme a empresa e a Pol\u00edcia Rodovi\u00e1ria Federal (PRF), os pontos de interdi\u00e7\u00e3o foram montados em dois locais da rodovia:<\/p>\n\n\n\n<p>km 633 da BR-376, em S\u00e3o Jos\u00e9 dos Pinhais, na Regi\u00e3o Metropolitana de Curitiba;no km 01 da BR-101, na pra\u00e7a de ped\u00e1gio, em Garuva (SC).<\/p>\n\n\n\n<p>N\u00e3o h\u00e1 previs\u00e3o de libera\u00e7\u00e3o.O objetivo \u00e9 bloquear o tr\u00e1fego de ve\u00edculos no km 669 da BR-376, onde um deslizamento de terra matou duas pessoas em novembro de 2022.Rotas alternativasA PRF informa que os motoristas s\u00e3o orientados a seguir pelas rodovias BR-470 e BR-116.<\/p>\n\n\n\n<p><div>Outra op\u00e7\u00e3o de rota alternativa \u00e9 pela BR-277 para acesso ao litoral paranaense e para Santa Catarina. Mas a rota envolve travessia por balsa e h\u00e1 restri\u00e7\u00f5es para ve\u00edculos pesados.<\/div><\/p>\n\n\n\n<p>G1 &#8211; Foto:ALS<\/p>\n","protected":false},"excerpt":{"rendered":"<p>Um trecho da BR-376 em Guaratuba, no litoral Paran\u00e1, voltou a ser interditado nos dois sentidos na manh\u00e3 desta ter\u00e7a-feira (18). De acordo com a concession\u00e1ria Arteris Litoral Sul, a decis\u00e3o considera o acumulado de chuvas registrados na regi\u00e3o.Conforme a empresa e a Pol\u00edcia Rodovi\u00e1ria Federal (PRF), os pontos de interdi\u00e7\u00e3o foram montados em dois [&hellip;]<\/p>\n","protected":false},"author":2,"featured_media":45528,"comment_status":"open","ping_status":"open","sticky":false,"template":"","format":"standard","meta":{"advanced_seo_description":"","jetpack_seo_html_title":"","jetpack_seo_noindex":false,"_jetpack_memberships_contains_paid_content":false,"footnotes":""},"categories":[40],"tags":[],"class_list":{"0":"post-45527","1":"post","2":"type-post","3":"status-publish","4":"format-standard","5":"has-post-thumbnail","7":"category-destaques"},"jetpack_featured_media_url":"https:\/\/www.paranapraia.com.br\/wp-content\/uploads\/2023\/04\/Screenshot_2023-04-18-12-56-12-398-edit_com.google.android.apps_.magazines.jpg","jetpack_sharing_enabled":true,"_links":{"self":[{"href":"https:\/\/www.paranapraia.com.br\/index.php\/wp-json\/wp\/v2\/posts\/45527"}],"collection":[{"href":"https:\/\/www.paranapraia.com.br\/index.php\/wp-json\/wp\/v2\/posts"}],"about":[{"href":"https:\/\/www.paranapraia.com.br\/index.php\/wp-json\/wp\/v2\/types\/post"}],"author":[{"embeddable":true,"href":"https:\/\/www.paranapraia.com.br\/index.php\/wp-json\/wp\/v2\/users\/2"}],"replies":[{"embeddable":true,"href":"https:\/\/www.paranapraia.com.br\/index.php\/wp-json\/wp\/v2\/comments?post=45527"}],"version-history":[{"count":1,"href":"https:\/\/www.paranapraia.com.br\/index.php\/wp-json\/wp\/v2\/posts\/45527\/revisions"}],"predecessor-version":[{"id":45529,"href":"https:\/\/www.paranapraia.com.br\/index.php\/wp-json\/wp\/v2\/posts\/45527\/revisions\/45529"}],"wp:featuredmedia":[{"embeddable":true,"href":"https:\/\/www.paranapraia.com.br\/index.php\/wp-json\/wp\/v2\/media\/45528"}],"wp:attachment":[{"href":"https:\/\/www.paranapraia.com.br\/index.php\/wp-json\/wp\/v2\/media?parent=45527"}],"wp:term":[{"taxonomy":"category","embeddable":true,"href":"https:\/\/www.paranapraia.com.br\/index.php\/wp-json\/wp\/v2\/categories?post=45527"},{"taxonomy":"post_tag","embeddable":true,"href":"https:\/\/www.paranapraia.com.br\/index.php\/wp-json\/wp\/v2\/tags?post=45527"}],"curies":[{"name":"wp","href":"https:\/\/api.w.org\/{rel}","templated":true}]}}