{"id":45524,"date":"2023-04-18T10:22:09","date_gmt":"2023-04-18T13:22:09","guid":{"rendered":"https:\/\/www.paranapraia.com.br\/?p=45524"},"modified":"2023-04-18T10:22:10","modified_gmt":"2023-04-18T13:22:10","slug":"estado-intensifica-obras-e-acoes-que-aliam-desenvolvimento-e-sustentabilidade-no-litoral","status":"publish","type":"post","link":"https:\/\/www.paranapraia.com.br\/index.php\/2023\/04\/18\/estado-intensifica-obras-e-acoes-que-aliam-desenvolvimento-e-sustentabilidade-no-litoral\/","title":{"rendered":"Estado intensifica obras e a\u00e7\u00f5es que aliam desenvolvimento e sustentabilidade no Litoral"},"content":{"rendered":"\n<p>O Litoral do Paran\u00e1 segue como uma das prioridades nesta segunda administra\u00e7\u00e3o do governador Carlos Massa Ratinho Junior. Nos primeiros 100 dias de nova gest\u00e3o, o Governo do Estado intensificou a\u00e7\u00f5es e projetos que aliam o desenvolvimento econ\u00f4mico ao sustent\u00e1vel na regi\u00e3o.<\/p>\n\n\n\n<p>O Instituto \u00c1gua e Terra (IAT), respons\u00e1vel pela quest\u00e3o ambiental em todo o Estado, \u00e9 protagonista nesta transforma\u00e7\u00e3o. De acordo com dados consolidados em janeiro deste ano, devido a mudan\u00e7as administrativas que priorizaram a desburocratiza\u00e7\u00e3o da m\u00e1quina p\u00fablica, foi poss\u00edvel acelerar licenciamentos e viabilizar quase R$ 300 milh\u00f5es em novos investimentos na regi\u00e3o<\/p>\n\n\n\n<p><div>.J\u00e1 no come\u00e7o de 2023 foram conclu\u00eddos 106 processos, iniciados durante a temporada de ver\u00e3o 2022\/2023, para instala\u00e7\u00e3o de novos empreendimentos, como novas pousadas, postos de combust\u00edvel, armaz\u00e9m de fertilizantes e barrac\u00f5es de reciclagem, al\u00e9m das obras p\u00fablicas como linhas de transmiss\u00e3o de energia, investimentos, nos sete munic\u00edpios da regi\u00e3o.<\/div><\/p>\n\n\n\n<p>\u201cEstamos falando de quase R$ 300 milh\u00f5es para os pr\u00f3ximos meses. Refor\u00e7a o acerto das medidas tomadas pelo governador Ratinho Junior, que aliou a qualidade ambiental ao desenvolvimento econ\u00f4mico e social\u201d, destaca o diretor-presidente do IAT, Everton Souza.<\/p>\n\n\n\n<p>Nova fase que veio colada na principal interven\u00e7\u00e3o urbana da hist\u00f3ria do Litoral, em Matinhos, com um investimento de R$ 314,9 milh\u00f5es do Estado. A revitaliza\u00e7\u00e3o da orla ultrapassou os 70% de conclus\u00e3o e, ainda neste semestre, come\u00e7am as a\u00e7\u00f5es de urbaniza\u00e7\u00e3o e obras de microdrenagem na cidade.Mesmo antes de estar finalizada, a interven\u00e7\u00e3o j\u00e1 encanta moradores e turistas. Ela tamb\u00e9m colaborou para que a temporada de veraneio fosse um sucesso de p\u00fablico, com impacto direto na economia do munic\u00edpio. <\/p>\n\n\n\n<p>\u201cAgora temos uma praia. Melhorou muito. Observo que com essas mudan\u00e7as novos empreendimentos dever\u00e3o vir para c\u00e1. A praia ficou mais linda e vai ficar mais frequentada, e com isso teremos melhorias na infraestrutura do balne\u00e1rio\u201d, disse o aposentado Aramis Ducat, 67 anos, morador de Guarapuava, no Centro-Sul do Paran\u00e1.<\/p>\n\n\n\n<p>PARANAGU\u00c1 \u2013 As obras p\u00fablicas que se espalham por outros munic\u00edpios do Litoral. Em Paranagu\u00e1, por exemplo, o IAT emitiu a licen\u00e7a que vai fazer com que a nova Ponte dos Valadares, enfim, saia do papel. A estrutura vai ligar o Centro \u00e0 comunidade da Ilha dos Valadares, maior bairro da cidade, onde vivem cerca de 30 mil pessoas \u2013 ou quase 20% da popula\u00e7\u00e3o do munic\u00edpio.<\/p>\n\n\n\n<p>O investimento \u00e9 de R$ 13,4 milh\u00f5es, sendo R$ 11,7 milh\u00f5es do Estado e contrapartida municipal de R$ 1,7 milh\u00e3o. \u201cEssa \u00e9 uma obra esperada h\u00e1 d\u00e9cadas e agora, gra\u00e7as \u00e0 sensibilidade do governador Ratinho Junior, vai sair do papel. Paranagu\u00e1 sonhava com isso\u201d, destacou o prefeito Marcelo Roque.<\/p>\n\n\n\n<p>Com licenciamento ambiental do IAT, a cidade vai ganhar tamb\u00e9m seis novos trapiches. <\/p>\n\n\n\n<p><div>O investimento \u00e9 de R$ 14,6 milh\u00f5es, com recursos da empresa p\u00fablica Portos do Paran\u00e1, uma compensa\u00e7\u00e3o exigida pelo Instituto Brasileiro do Meio Ambiente e dos Recursos Naturais Renov\u00e1veis (Ibama) para autorizar a dragagem de aprofundamento no acesso aos portos paranaenses. Ser\u00e3o beneficiadas as comunidades do Amparo, Pia\u00e7aguera, Ilha do Teixeira, Eufrasina, Europinha e Vila Maciel.<\/div><\/p>\n\n\n\n<p>Ainda em Paranagu\u00e1, na Ilha do Mel, o instituto finalizou o planejamento que permitir\u00e1 a implementa\u00e7\u00e3o do sistema de coleta e tratamento de esgoto na regi\u00e3o. A licen\u00e7a de instala\u00e7\u00e3o, com a abertura do canteiro de obras, est\u00e1 prevista para ocorrer em maio, desde que atendidas integralmente as condicionantes iniciais vinculadas \u00e0 licen\u00e7a pr\u00e9via.<\/p>\n\n\n\n<p>O projeto ser\u00e1 feito em duas etapas, com investimento estimado de R$ 30 milh\u00f5es, por meio de recursos da empresa Igu\u00e1, respons\u00e1vel pelo esgotamento de flu\u00eddos na localidade.<\/p>\n\n\n\n<p>GUARATUBA \u2013 J\u00e1 em Guaratuba, o Instituto \u00c1gua e Terra iniciou uma parceria com a prefeitura para assessoramento e presta\u00e7\u00e3o de apoio t\u00e9cnico. A a\u00e7\u00e3o visa orientar agentes administrativos municipais, vereadores, consultores e empreendedores para a execu\u00e7\u00e3o correta de processos como forma de agilizar os procedimentos ambientais.<\/p>\n\n\n\n<p>A medida vai beneficiar duas importantes interven\u00e7\u00f5es previstas para ocorrer no munic\u00edpio e que tamb\u00e9m dependem do licenciamento do IAT: a constru\u00e7\u00e3o da ponte que liga a cidade a Matinhos e a revitaliza\u00e7\u00e3o da orla com o engordamento da faixa de areia.<\/p>\n\n\n\n<p>A cidade, por\u00e9m, tamb\u00e9m expande a\u00e7\u00f5es sustent\u00e1veis. O Governo do Estado deu in\u00edcio ao processo de atualiza\u00e7\u00e3o do Plano de Manejo da \u00c1rea de Prote\u00e7\u00e3o Ambiental (APA) de Guaratuba. O documento t\u00e9cnico busca estabelecer o zoneamento e as normas que balizam o uso da \u00e1rea de forma ambientalmente correta.<\/p>\n\n\n\n<p> A conclus\u00e3o \u00e9 estimada para 2024.Mapeamento que ajudar\u00e1 a preservar os guar\u00e1s, p\u00e1ssaros de penugem vermelha que chamam a aten\u00e7\u00e3o pela exuber\u00e2ncia da cor e a presen\u00e7a volumosa, principalmente, na Ba\u00eda de Guaratuba. A ave que encanta turistas e nativos se tornou uma bandeira de preserva\u00e7\u00e3o.<\/p>\n\n\n\n<p>Para evitar que os p\u00e1ssaros se estressem, bem como a revoada dos bandos em decorr\u00eancia do barulho dos motores das embarca\u00e7\u00f5es e ve\u00edculos de turismo, o IAT lan\u00e7ou uma campanha, em parceria com o Instituto Guaju, Prefeitura de Guaratuba e Universidade Federal do Paran\u00e1 (UFPR), para ensinar as pessoas a se comportarem diante dos guar\u00e1s.<\/p>\n\n\n\n<p>PONTAL DO PARAN\u00c1 \u2013 Em Pontal do Paran\u00e1, o governo come\u00e7ou o plano de reestrutura\u00e7\u00e3o da restinga local. O IAT, em parceria com a Prefeitura de Pontal do Paran\u00e1, vai recuperar aproximadamente 350 metros quadrados do bioma natural da orla do Balne\u00e1rio Shangri-l\u00e1. Na \u00e1rea existe um parque linear municipal de restinga. <\/p>\n\n\n\n<p><div>No total, a faixa de areia vai receber cerca de 3,5 mil mudas de pequeno porte, de oito esp\u00e9cies t\u00edpicas da restinga, produzidas integralmente no viveiro do \u00f3rg\u00e3o ambiental localizado em Morretes. Entre elas, destaque para a Capororoca (Myrsine cori\u00e1cea), Soja-da-praia (Sophora tomentosa), Orelha-de-on\u00e7a (Pleroma urvilleanum), Vassoura-vermelha (Dodonaea viscosa), Prunus (Eugenia astringens) e Bagua\u00e7\u00fa (Magnolia ovata).<\/div><\/p>\n\n\n\n<p>AEN<\/p>\n","protected":false},"excerpt":{"rendered":"<p>O Litoral do Paran\u00e1 segue como uma das prioridades nesta segunda administra\u00e7\u00e3o do governador Carlos Massa Ratinho Junior. Nos primeiros 100 dias de nova gest\u00e3o, o Governo do Estado intensificou a\u00e7\u00f5es e projetos que aliam o desenvolvimento econ\u00f4mico ao sustent\u00e1vel na regi\u00e3o. O Instituto \u00c1gua e Terra (IAT), respons\u00e1vel pela quest\u00e3o ambiental em todo o [&hellip;]<\/p>\n","protected":false},"author":2,"featured_media":45525,"comment_status":"open","ping_status":"open","sticky":false,"template":"","format":"standard","meta":{"advanced_seo_description":"","jetpack_seo_html_title":"","jetpack_seo_noindex":false,"_jetpack_memberships_contains_paid_content":false,"footnotes":""},"categories":[40],"tags":[],"class_list":{"0":"post-45524","1":"post","2":"type-post","3":"status-publish","4":"format-standard","5":"has-post-thumbnail","7":"category-destaques"},"jetpack_featured_media_url":"https:\/\/www.paranapraia.com.br\/wp-content\/uploads\/2023\/04\/litoral_1-scaled.jpg","jetpack_sharing_enabled":true,"_links":{"self":[{"href":"https:\/\/www.paranapraia.com.br\/index.php\/wp-json\/wp\/v2\/posts\/45524"}],"collection":[{"href":"https:\/\/www.paranapraia.com.br\/index.php\/wp-json\/wp\/v2\/posts"}],"about":[{"href":"https:\/\/www.paranapraia.com.br\/index.php\/wp-json\/wp\/v2\/types\/post"}],"author":[{"embeddable":true,"href":"https:\/\/www.paranapraia.com.br\/index.php\/wp-json\/wp\/v2\/users\/2"}],"replies":[{"embeddable":true,"href":"https:\/\/www.paranapraia.com.br\/index.php\/wp-json\/wp\/v2\/comments?post=45524"}],"version-history":[{"count":1,"href":"https:\/\/www.paranapraia.com.br\/index.php\/wp-json\/wp\/v2\/posts\/45524\/revisions"}],"predecessor-version":[{"id":45526,"href":"https:\/\/www.paranapraia.com.br\/index.php\/wp-json\/wp\/v2\/posts\/45524\/revisions\/45526"}],"wp:featuredmedia":[{"embeddable":true,"href":"https:\/\/www.paranapraia.com.br\/index.php\/wp-json\/wp\/v2\/media\/45525"}],"wp:attachment":[{"href":"https:\/\/www.paranapraia.com.br\/index.php\/wp-json\/wp\/v2\/media?parent=45524"}],"wp:term":[{"taxonomy":"category","embeddable":true,"href":"https:\/\/www.paranapraia.com.br\/index.php\/wp-json\/wp\/v2\/categories?post=45524"},{"taxonomy":"post_tag","embeddable":true,"href":"https:\/\/www.paranapraia.com.br\/index.php\/wp-json\/wp\/v2\/tags?post=45524"}],"curies":[{"name":"wp","href":"https:\/\/api.w.org\/{rel}","templated":true}]}}