{"id":45516,"date":"2023-04-18T09:48:09","date_gmt":"2023-04-18T12:48:09","guid":{"rendered":"https:\/\/www.paranapraia.com.br\/?p=45516"},"modified":"2023-04-18T09:48:10","modified_gmt":"2023-04-18T12:48:10","slug":"casa-do-pai-chico-realizagira-de-praia-dia-22-em-pontal-do-parana","status":"publish","type":"post","link":"https:\/\/www.paranapraia.com.br\/index.php\/2023\/04\/18\/casa-do-pai-chico-realizagira-de-praia-dia-22-em-pontal-do-parana\/","title":{"rendered":"Casa do Pai Chico realiza&#8221;Gira de Praia&#8221; dia 22 em Pontal do Paran\u00e1"},"content":{"rendered":"\n<p>Al\u00f4, al\u00f4 comunidade de Pontal do Paran\u00e1. A Casa do Pai Chico, de Curitiba, desembarca neste s\u00e1bado, 22 de abril, a partir das 17h no litoral paranaense com sua Gira de Praia. O trabalho \u00e9 uma celebra\u00e7\u00e3o a rainha do mar e leva nossa homenagem a Iemanj\u00e1 em seu ponto de for\u00e7a. <\/p>\n\n\n\n<figure class=\"wp-block-image size-large\"><img loading=\"lazy\" decoding=\"async\" width=\"1024\" height=\"1024\" src=\"https:\/\/www.paranapraia.com.br\/wp-content\/uploads\/2023\/04\/IMG-20230418-WA00051-1-1024x1024.jpg\" alt=\"\" class=\"wp-image-45519\" srcset=\"https:\/\/www.paranapraia.com.br\/wp-content\/uploads\/2023\/04\/IMG-20230418-WA00051-1-1024x1024.jpg 1024w, https:\/\/www.paranapraia.com.br\/wp-content\/uploads\/2023\/04\/IMG-20230418-WA00051-1-300x300.jpg 300w, https:\/\/www.paranapraia.com.br\/wp-content\/uploads\/2023\/04\/IMG-20230418-WA00051-1-150x150.jpg 150w, https:\/\/www.paranapraia.com.br\/wp-content\/uploads\/2023\/04\/IMG-20230418-WA00051-1-768x768.jpg 768w, https:\/\/www.paranapraia.com.br\/wp-content\/uploads\/2023\/04\/IMG-20230418-WA00051-1-696x696.jpg 696w, https:\/\/www.paranapraia.com.br\/wp-content\/uploads\/2023\/04\/IMG-20230418-WA00051-1-1068x1068.jpg 1068w, https:\/\/www.paranapraia.com.br\/wp-content\/uploads\/2023\/04\/IMG-20230418-WA00051-1-420x420.jpg 420w, https:\/\/www.paranapraia.com.br\/wp-content\/uploads\/2023\/04\/IMG-20230418-WA00051-1.jpg 1200w\" sizes=\"(max-width: 1024px) 100vw, 1024px\" \/><\/figure>\n\n\n\n<p>Aos presentes tamb\u00e9m ser\u00e1 oferecido passe espiritual e consulta com as entidades de pretos e pretas velhas. Esta \u00e9 uma excelente oportunidade para os adeptos e simpatizantes de religi\u00f5es de matriz africana poderem estar em contato com o ax\u00e9 da Casa do Pai Chico e tamb\u00e9m onde a Umbanda nos chama: a natureza.<\/p>\n\n\n\n<p> A gira, de acordo com Pai Thiago de Ogum, dirigente espiritual e diretor geral da CPC, realizada no ponto de for\u00e7a, n\u00e3o serve apenas como celebra\u00e7\u00e3o e homenagem a Iemanj\u00e1, ela \u00e9 uma ativa\u00e7\u00e3o energ\u00e9tica e de renova\u00e7\u00e3o de for\u00e7as para a casa e para a corrente do terreiro. <\/p>\n\n\n\n<p>\u201cEstaremos fortalecendo a nossa egr\u00e9gora e o campo energ\u00e9tico para os trabalhos DO ANO na Casa do Pai Chico, assim todos s\u00e3o beneficiados com este trabalho, tanto os m\u00e9diuns quanto aqueles que chegam at\u00e9 n\u00f3s em busca de conforto espiritual, seja nos trabalhos de inten\u00e7\u00e3o de cura, seja nos trabalhos de desobsess\u00e3o\u201d, explica o dirigente. Tamb\u00e9m \u00e9 poss\u00edvel compreender melhor esta conex\u00e3o a partir das for\u00e7as presentes nos campos da natureza. <\/p>\n\n\n\n<p>\u201cO Trabalho de Praia tamb\u00e9m \u00e9 o momento onde cada m\u00e9dium pode centrar suas energias em contato com TODOS os Orix\u00e1s e linhas pois estamos acolhidos pelas for\u00e7as habitantes na natureza e assim na vibra\u00e7\u00e3o de todos os elementos que necessitamos e reverenciamos dentro da nossa Umbanda (Fogo, Terra, Ar e \u00c1gua)\u201d, comenta Pai Thiago. <\/p>\n\n\n\n<p>E para coroar com chave de ouro este momento t\u00e3o m\u00e1gico al\u00e9m dos pedidos e desejos de sa\u00fade e regenera\u00e7\u00e3o do planeta, pela cura da humanidade em todos seus aspectos, iremos realizar um lindo Amal\u00e1 de Ogum em refer\u00eancia ao dia 23 de abril, S\u00e3o Jorge, sincretizado com o Orix\u00e1 Ogum na Umbanda.<\/p>\n\n\n\n<p>Nosso convite estende-se a toda assist\u00eancia do litoral que sempre marca presen\u00e7a em nossos trabalhos e pedem por uma divulga\u00e7\u00e3o mais antecipada da nossa ida.<\/p>\n\n\n\n<p> \u201c\u00c9 sempre muito impactante estar fora do terreiro e mesmo assim dar continuidade ao chamamento maior da nossa religi\u00e3o, e estar neste pr\u00f3ximo s\u00e1bado mais uma vez em ora\u00e7\u00e3o e trabalho nos despertam alguns desejos de estarmos mais pr\u00f3ximos de quem precisa da Umbanda e de aux\u00edlio espiritual\u201d, diz o dirigente. Sarav\u00e1 a Casa do Pai Chico no Mar!!!<\/p>\n\n\n\n<p>Servi\u00e7o<\/p>\n\n\n\n<p>O que: Trabalho de Praia da Casa do Pai Chico<\/p>\n\n\n\n<p>Quando: 22 de abrilHor\u00e1rio: 17h<div>Onde: Balne\u00e1rio Canoas na areia em dire\u00e7\u00e3o as Bancas da Tha\u00eds e da Paraguaia.<\/div><\/p>\n\n\n\n<p><div>Aberto gratuitamente ao p\u00fablico(Recomendamos levar sua cadeira de praia)<\/div><\/p>\n\n\n\n<p>Assessoria<\/p>\n","protected":false},"excerpt":{"rendered":"<p>Al\u00f4, al\u00f4 comunidade de Pontal do Paran\u00e1. A Casa do Pai Chico, de Curitiba, desembarca neste s\u00e1bado, 22 de abril, a partir das 17h no litoral paranaense com sua Gira de Praia. O trabalho \u00e9 uma celebra\u00e7\u00e3o a rainha do mar e leva nossa homenagem a Iemanj\u00e1 em seu ponto de for\u00e7a. Aos presentes tamb\u00e9m [&hellip;]<\/p>\n","protected":false},"author":2,"featured_media":45517,"comment_status":"open","ping_status":"open","sticky":false,"template":"","format":"standard","meta":{"advanced_seo_description":"","jetpack_seo_html_title":"","jetpack_seo_noindex":false,"_jetpack_memberships_contains_paid_content":false,"footnotes":""},"categories":[40],"tags":[],"class_list":{"0":"post-45516","1":"post","2":"type-post","3":"status-publish","4":"format-standard","5":"has-post-thumbnail","7":"category-destaques"},"jetpack_featured_media_url":"https:\/\/www.paranapraia.com.br\/wp-content\/uploads\/2023\/04\/images-8.jpeg","jetpack_sharing_enabled":true,"_links":{"self":[{"href":"https:\/\/www.paranapraia.com.br\/index.php\/wp-json\/wp\/v2\/posts\/45516"}],"collection":[{"href":"https:\/\/www.paranapraia.com.br\/index.php\/wp-json\/wp\/v2\/posts"}],"about":[{"href":"https:\/\/www.paranapraia.com.br\/index.php\/wp-json\/wp\/v2\/types\/post"}],"author":[{"embeddable":true,"href":"https:\/\/www.paranapraia.com.br\/index.php\/wp-json\/wp\/v2\/users\/2"}],"replies":[{"embeddable":true,"href":"https:\/\/www.paranapraia.com.br\/index.php\/wp-json\/wp\/v2\/comments?post=45516"}],"version-history":[{"count":1,"href":"https:\/\/www.paranapraia.com.br\/index.php\/wp-json\/wp\/v2\/posts\/45516\/revisions"}],"predecessor-version":[{"id":45520,"href":"https:\/\/www.paranapraia.com.br\/index.php\/wp-json\/wp\/v2\/posts\/45516\/revisions\/45520"}],"wp:featuredmedia":[{"embeddable":true,"href":"https:\/\/www.paranapraia.com.br\/index.php\/wp-json\/wp\/v2\/media\/45517"}],"wp:attachment":[{"href":"https:\/\/www.paranapraia.com.br\/index.php\/wp-json\/wp\/v2\/media?parent=45516"}],"wp:term":[{"taxonomy":"category","embeddable":true,"href":"https:\/\/www.paranapraia.com.br\/index.php\/wp-json\/wp\/v2\/categories?post=45516"},{"taxonomy":"post_tag","embeddable":true,"href":"https:\/\/www.paranapraia.com.br\/index.php\/wp-json\/wp\/v2\/tags?post=45516"}],"curies":[{"name":"wp","href":"https:\/\/api.w.org\/{rel}","templated":true}]}}