{"id":45503,"date":"2023-04-18T09:16:13","date_gmt":"2023-04-18T12:16:13","guid":{"rendered":"https:\/\/www.paranapraia.com.br\/?p=45503"},"modified":"2023-04-18T09:16:14","modified_gmt":"2023-04-18T12:16:14","slug":"curitiba-se-prepara-para-a-primeira-semana-de-frio-com-temperaturas-abaixo-dos-8-graus","status":"publish","type":"post","link":"https:\/\/www.paranapraia.com.br\/index.php\/2023\/04\/18\/curitiba-se-prepara-para-a-primeira-semana-de-frio-com-temperaturas-abaixo-dos-8-graus\/","title":{"rendered":"Curitiba se prepara para a primeira semana de frio com temperaturas abaixo dos 8 graus"},"content":{"rendered":"\n<p>A cidade de Curitiba se prepara para receber a primeira onda de frio de 2023 a partir desta quinta-feira (20). As temperaturas devem ficar abaixo dos 8 graus, segundo informa\u00e7\u00f5es do Simepar. A previs\u00e3o \u00e9 de que a m\u00e1xima chegue a 17 graus e a m\u00ednima seja de apenas 8 graus.<\/p>\n\n\n\n<p>O clima frio deve se manter na capital paranaense durante a sexta-feira, com o sol aparecendo em alguns momentos. Apesar disso, as temperaturas devem voltar a subir no fim de semana, sem previs\u00e3o de chuva.<\/p>\n\n\n\n<p>\u00c9 importante que a popula\u00e7\u00e3o esteja preparada para o frio, principalmente aqueles que ficam expostos por muito tempo nas ruas. A orienta\u00e7\u00e3o \u00e9 que as pessoas se vistam com roupas adequadas, como casacos e meias grossas, al\u00e9m de utilizar gorros e luvas para evitar o contato direto com o frio. <\/p>\n\n\n\n<p>Vale ressaltar que a Prefeitura de Curitiba, por meio da Funda\u00e7\u00e3o de A\u00e7\u00e3o Social (FAS), disponibiliza abrigos tempor\u00e1rios para pessoas em situa\u00e7\u00e3o de rua. \u00c9 poss\u00edvel encontrar esses locais por meio do aplicativo 156 Curitiba ou pelo telefone 156.<\/p>\n\n\n\n<p>XV Curitiba\/Foto: Ricardo Maraj\u00f3\/FAS<\/p>\n","protected":false},"excerpt":{"rendered":"<p>A cidade de Curitiba se prepara para receber a primeira onda de frio de 2023 a partir desta quinta-feira (20). As temperaturas devem ficar abaixo dos 8 graus, segundo informa\u00e7\u00f5es do Simepar. A previs\u00e3o \u00e9 de que a m\u00e1xima chegue a 17 graus e a m\u00ednima seja de apenas 8 graus. O clima frio deve [&hellip;]<\/p>\n","protected":false},"author":2,"featured_media":45504,"comment_status":"open","ping_status":"open","sticky":false,"template":"","format":"standard","meta":{"advanced_seo_description":"","jetpack_seo_html_title":"","jetpack_seo_noindex":false,"_jetpack_memberships_contains_paid_content":false,"footnotes":""},"categories":[40],"tags":[],"class_list":{"0":"post-45503","1":"post","2":"type-post","3":"status-publish","4":"format-standard","5":"has-post-thumbnail","7":"category-destaques"},"jetpack_featured_media_url":"https:\/\/www.paranapraia.com.br\/wp-content\/uploads\/2023\/04\/IMG-20230418-WA0002.jpg","jetpack_sharing_enabled":true,"_links":{"self":[{"href":"https:\/\/www.paranapraia.com.br\/index.php\/wp-json\/wp\/v2\/posts\/45503"}],"collection":[{"href":"https:\/\/www.paranapraia.com.br\/index.php\/wp-json\/wp\/v2\/posts"}],"about":[{"href":"https:\/\/www.paranapraia.com.br\/index.php\/wp-json\/wp\/v2\/types\/post"}],"author":[{"embeddable":true,"href":"https:\/\/www.paranapraia.com.br\/index.php\/wp-json\/wp\/v2\/users\/2"}],"replies":[{"embeddable":true,"href":"https:\/\/www.paranapraia.com.br\/index.php\/wp-json\/wp\/v2\/comments?post=45503"}],"version-history":[{"count":1,"href":"https:\/\/www.paranapraia.com.br\/index.php\/wp-json\/wp\/v2\/posts\/45503\/revisions"}],"predecessor-version":[{"id":45505,"href":"https:\/\/www.paranapraia.com.br\/index.php\/wp-json\/wp\/v2\/posts\/45503\/revisions\/45505"}],"wp:featuredmedia":[{"embeddable":true,"href":"https:\/\/www.paranapraia.com.br\/index.php\/wp-json\/wp\/v2\/media\/45504"}],"wp:attachment":[{"href":"https:\/\/www.paranapraia.com.br\/index.php\/wp-json\/wp\/v2\/media?parent=45503"}],"wp:term":[{"taxonomy":"category","embeddable":true,"href":"https:\/\/www.paranapraia.com.br\/index.php\/wp-json\/wp\/v2\/categories?post=45503"},{"taxonomy":"post_tag","embeddable":true,"href":"https:\/\/www.paranapraia.com.br\/index.php\/wp-json\/wp\/v2\/tags?post=45503"}],"curies":[{"name":"wp","href":"https:\/\/api.w.org\/{rel}","templated":true}]}}