{"id":45489,"date":"2023-04-17T15:43:28","date_gmt":"2023-04-17T18:43:28","guid":{"rendered":"https:\/\/www.paranapraia.com.br\/?p=45489"},"modified":"2023-04-17T15:43:28","modified_gmt":"2023-04-17T18:43:28","slug":"policiais-recebem-capacitacao-sobre-como-proceder-em-acoes-que-envolvam-pessoas-autistas","status":"publish","type":"post","link":"https:\/\/www.paranapraia.com.br\/index.php\/2023\/04\/17\/policiais-recebem-capacitacao-sobre-como-proceder-em-acoes-que-envolvam-pessoas-autistas\/","title":{"rendered":"Policiais recebem capacita\u00e7\u00e3o sobre como proceder em a\u00e7\u00f5es que envolvam pessoas autistas"},"content":{"rendered":"\n<p>O Governo do Estado, por meio da Secretaria do Desenvolvimento Social e Fam\u00edlia (Sedef) e da Pol\u00edcia Militar do Paran\u00e1 (PMPR), promove capacita\u00e7\u00e3o de policiais sobre como proceder em ocorr\u00eancias que envolvam pessoas com Transtorno do Espectro Autista (TEA). Desde o in\u00edcio do projeto, em julho de 2022, somente em Curitiba e Regi\u00e3o Metropolitana mais de 650 militares estaduais j\u00e1 receberam o treinamento, al\u00e9m dos profissionais em forma\u00e7\u00e3o nos n\u00facleos do Interior do Estado.<\/p>\n\n\n\n<p>\u201cAtuamos com foco no atendimento de qualidade \u00e0 comunidade. Essas palestras traduzem a determina\u00e7\u00e3o de governo estadual de nos manter atentos aos anseios da popula\u00e7\u00e3o e atendimento de grupos sociais mais vulner\u00e1veis\u201d, diz o secret\u00e1rio do Desenvolvimento Social e Fam\u00edlia, Rog\u00e9rio Carboni.<\/p>\n\n\n\n<p>A capacita\u00e7\u00e3o dos profissionais surgiu da necessidade identificada pelo Comando da Pol\u00edcia Militar do Paran\u00e1, que constituiu uma comiss\u00e3o para estudar o tema e apresentar um trabalho com os procedimentos a serem observados pelos policiais durante uma abordagem.<\/p>\n\n\n\n<p>Ao final, esse trabalho passou por uma an\u00e1lise da Coordenadoria das Pol\u00edticas Estaduais da Pessoa com Defici\u00eancia, da Sedef e, junto com o major Valter Ribeiro da Silva, pai de um menino autista, o projeto foi iniciado. \u201cTivemos alguns relatos de familiares preocupados em como os filhos reagiriam caso fossem abordados, visto que cada um possui especificidades e poderiam ter rea\u00e7\u00e3o parecida com desobedi\u00eancia \u00e0 ordem policial. Sab\u00edamos da experi\u00eancia do major Valter e, em parceria com a ONG Onda Autismo, fizemos essa sinergia\u201d, contou Felipe Braga Cortes, coordenador das Pol\u00edticas Estaduais da Pessoa com Defici\u00eancia.<\/p>\n\n\n\n<p>Uma Nota de Instru\u00e7\u00e3o da PMPR, de 1\u00ba de julho de 2022, deu in\u00edcio ao processo de difus\u00e3o e capacita\u00e7\u00e3o dos policiais militares de todo o Paran\u00e1. &#8220;A iniciativa conta com o apoio de entidades e profissionais especialistas no tema, a exemplo de F\u00e1bio Cordeiro, presidente da Onda Autismo\u201d, explica o major.<\/p>\n\n\n\n<p><strong>VIV\u00caNCIA &#8211;&nbsp;<\/strong>Para o presidente da ONG Onda Autismo, F\u00e1bio Cordeiro, que ministra as palestras, elas s\u00e3o essenciais n\u00e3o apenas pelo conhecimento, mas at\u00e9 mesmo pela viv\u00eancia, j\u00e1 que o pr\u00f3prio palestrante \u00e9 autista. \u201cN\u00e3o podemos pensar em pol\u00edtica p\u00fablica ou em a\u00e7\u00f5es sobre as pessoas com defici\u00eancia sem inclu\u00ed-las nesse processo. Eu, como autista, tenho a oportunidade de levar viv\u00eancias que, \u00e0s vezes, uma pessoa que n\u00e3o convive dentro do espectro do autismo n\u00e3o teria como colocar\u201d, explica ele.<\/p>\n\n\n\n<p>\u201cA vis\u00e3o de uma pessoa autista, apenas o autista pode trazer. Eu trago n\u00e3o apenas a minha vis\u00e3o nessas palestras, mas tamb\u00e9m a da conviv\u00eancia que tenho com milhares de autistas com os quais me relaciono pelo Brasil\u201d, afirma. O Governo do Estado foi muito feliz em convidar e envolver pessoas com TEA para esse processo, tanto de dentro da for\u00e7a policial como de fora. Da\u00ed o sucesso da a\u00e7\u00e3o e o feedback positivo que estamos tendo. Estamos construindo uma for\u00e7a realmente mais inclusiva\u201d, enfatiza.<\/p>\n\n\n\n<p>Segundo ele, h\u00e1 aumento de diagn\u00f3sticos de autismo no mundo e tamb\u00e9m no Brasil, em fun\u00e7\u00e3o do avan\u00e7o em informa\u00e7\u00f5es sobre o transtorno, mais profissionais qualificados e crit\u00e9rios de diagn\u00f3sticos melhor definidos. \u201cEsse novo cen\u00e1rio tem de ser levado em conta em todos os servi\u00e7os p\u00fablicos. Vejo como de extrema import\u00e2ncia que a Pol\u00edcia do Paran\u00e1 tenha essa atitude de treinar seus integrantes para abordarem de maneira respeitosa \u00e0s caracter\u00edsticas da defici\u00eancia e entendendo um pouco da condi\u00e7\u00e3o.\u201d<\/p>\n\n\n\n<p>O documento, elaborado com base na legisla\u00e7\u00e3o e nos princ\u00edpios constitucionais, especialmente aqueles relacionados \u00e0 dignidade da pessoa humana, estabelece os procedimentos que devem ser observados pelos policiais militares. Confira:<\/p>\n\n\n\n<ul class=\"wp-block-list\"><li>Falar pausadamente, de forma clara e objetiva, evitar g\u00edrias e formular frases curtas, e, se necess\u00e1rio, repetir as informa\u00e7\u00f5es;<\/li><li>Falar baixo, sem gritar;<\/li><li>Utilizar est\u00edmulos visuais para refor\u00e7ar o que est\u00e1 sendo expressado verbalmente;<\/li><li>Os autistas podem ou n\u00e3o ser verbais, por\u00e9m o fato de ele n\u00e3o falar, n\u00e3o significa que ele n\u00e3o esteja entendendo. Por isso, sempre tente estabelecer algum tipo de comunica\u00e7\u00e3o, seja por gestos ou piscar de olhos;<\/li><li>Caso saiba, chame o autista pelo nome dele;<\/li><li>Ou\u00e7a os pais\/respons\u00e1veis. Eles conhecem o autista melhor do que ningu\u00e9m;<\/li><li>Utilize os pais\/respons\u00e1veis como \u201cliga\u00e7\u00e3o\u201d com a pessoa autista para que essa colabore, tanto quanto poss\u00edvel, na abordagem\/atendimento;<\/li><li>Acolha e compreenda as afli\u00e7\u00f5es dos pais\/respons\u00e1veis durante a abordagem\/atendimento;<\/li><li>A pessoa com TEA pode apresentar sensibilidades t\u00e1til, auditiva e visual, por isso, evite movimentos bruscos e contato f\u00edsico e reduza ou desligue as sirenes e giroflex.<\/li><\/ul>\n\n\n\n<p>AEN<\/p>\n","protected":false},"excerpt":{"rendered":"<p>O Governo do Estado, por meio da Secretaria do Desenvolvimento Social e Fam\u00edlia (Sedef) e da Pol\u00edcia Militar do Paran\u00e1 (PMPR), promove capacita\u00e7\u00e3o de policiais sobre como proceder em ocorr\u00eancias que envolvam pessoas com Transtorno do Espectro Autista (TEA). Desde o in\u00edcio do projeto, em julho de 2022, somente em Curitiba e Regi\u00e3o Metropolitana mais [&hellip;]<\/p>\n","protected":false},"author":2,"featured_media":45490,"comment_status":"open","ping_status":"open","sticky":false,"template":"","format":"standard","meta":{"advanced_seo_description":"","jetpack_seo_html_title":"","jetpack_seo_noindex":false,"_jetpack_memberships_contains_paid_content":false,"footnotes":""},"categories":[40],"tags":[],"class_list":{"0":"post-45489","1":"post","2":"type-post","3":"status-publish","4":"format-standard","5":"has-post-thumbnail","7":"category-destaques"},"jetpack_featured_media_url":"https:\/\/www.paranapraia.com.br\/wp-content\/uploads\/2023\/04\/autismo-_certificado.jpg","jetpack_sharing_enabled":true,"_links":{"self":[{"href":"https:\/\/www.paranapraia.com.br\/index.php\/wp-json\/wp\/v2\/posts\/45489"}],"collection":[{"href":"https:\/\/www.paranapraia.com.br\/index.php\/wp-json\/wp\/v2\/posts"}],"about":[{"href":"https:\/\/www.paranapraia.com.br\/index.php\/wp-json\/wp\/v2\/types\/post"}],"author":[{"embeddable":true,"href":"https:\/\/www.paranapraia.com.br\/index.php\/wp-json\/wp\/v2\/users\/2"}],"replies":[{"embeddable":true,"href":"https:\/\/www.paranapraia.com.br\/index.php\/wp-json\/wp\/v2\/comments?post=45489"}],"version-history":[{"count":1,"href":"https:\/\/www.paranapraia.com.br\/index.php\/wp-json\/wp\/v2\/posts\/45489\/revisions"}],"predecessor-version":[{"id":45491,"href":"https:\/\/www.paranapraia.com.br\/index.php\/wp-json\/wp\/v2\/posts\/45489\/revisions\/45491"}],"wp:featuredmedia":[{"embeddable":true,"href":"https:\/\/www.paranapraia.com.br\/index.php\/wp-json\/wp\/v2\/media\/45490"}],"wp:attachment":[{"href":"https:\/\/www.paranapraia.com.br\/index.php\/wp-json\/wp\/v2\/media?parent=45489"}],"wp:term":[{"taxonomy":"category","embeddable":true,"href":"https:\/\/www.paranapraia.com.br\/index.php\/wp-json\/wp\/v2\/categories?post=45489"},{"taxonomy":"post_tag","embeddable":true,"href":"https:\/\/www.paranapraia.com.br\/index.php\/wp-json\/wp\/v2\/tags?post=45489"}],"curies":[{"name":"wp","href":"https:\/\/api.w.org\/{rel}","templated":true}]}}