{"id":45468,"date":"2023-04-17T14:05:14","date_gmt":"2023-04-17T17:05:14","guid":{"rendered":"https:\/\/www.paranapraia.com.br\/?p=45468"},"modified":"2023-04-17T14:05:15","modified_gmt":"2023-04-17T17:05:15","slug":"pontal-do-parana-promove-conferencia-para-discutir-plano-diretor-da-cidade","status":"publish","type":"post","link":"https:\/\/www.paranapraia.com.br\/index.php\/2023\/04\/17\/pontal-do-parana-promove-conferencia-para-discutir-plano-diretor-da-cidade\/","title":{"rendered":"Pontal do Paran\u00e1 promove confer\u00eancia para discutir Plano Diretor da cidade"},"content":{"rendered":"\n<p>A prefeitura de Pontal do Paran\u00e1 realizar\u00e1 a Confer\u00eancia Extraordin\u00e1ria Municipal da Cidade, com o tema: \u201cO Plano Diretor com a participa\u00e7\u00e3o social e o papel do Conselho Municipal da Cidade\u201d. O evento ser\u00e1 realizado no dia 20 de abril, no Centro de Capacita\u00e7\u00e3o que fica localizado na Rua D\u00eddio Costa, 422, Balne\u00e1rio Praia de Leste.<\/p>\n\n\n\n<p>O Plano Diretor \u00e9 um instrumento fundamental para o desenvolvimento urbano sustent\u00e1vel e equilibrado de uma cidade. Ele estabelece diretrizes e normas para o uso do solo, a ocupa\u00e7\u00e3o de \u00e1reas urbanas e rurais, a preserva\u00e7\u00e3o ambiental e o desenvolvimento socioecon\u00f4mico.<\/p>\n\n\n\n<figure class=\"wp-block-image size-large\"><img loading=\"lazy\" decoding=\"async\" width=\"1024\" height=\"1024\" src=\"https:\/\/www.paranapraia.com.br\/wp-content\/uploads\/2023\/04\/340628357_1115768099815688_3899804791348272936_n-1024x1024.jpg\" alt=\"\" class=\"wp-image-45469\" srcset=\"https:\/\/www.paranapraia.com.br\/wp-content\/uploads\/2023\/04\/340628357_1115768099815688_3899804791348272936_n-1024x1024.jpg 1024w, https:\/\/www.paranapraia.com.br\/wp-content\/uploads\/2023\/04\/340628357_1115768099815688_3899804791348272936_n-300x300.jpg 300w, https:\/\/www.paranapraia.com.br\/wp-content\/uploads\/2023\/04\/340628357_1115768099815688_3899804791348272936_n-150x150.jpg 150w, https:\/\/www.paranapraia.com.br\/wp-content\/uploads\/2023\/04\/340628357_1115768099815688_3899804791348272936_n-768x768.jpg 768w, https:\/\/www.paranapraia.com.br\/wp-content\/uploads\/2023\/04\/340628357_1115768099815688_3899804791348272936_n-1536x1536.jpg 1536w, https:\/\/www.paranapraia.com.br\/wp-content\/uploads\/2023\/04\/340628357_1115768099815688_3899804791348272936_n-696x696.jpg 696w, https:\/\/www.paranapraia.com.br\/wp-content\/uploads\/2023\/04\/340628357_1115768099815688_3899804791348272936_n-1068x1068.jpg 1068w, https:\/\/www.paranapraia.com.br\/wp-content\/uploads\/2023\/04\/340628357_1115768099815688_3899804791348272936_n-420x420.jpg 420w, https:\/\/www.paranapraia.com.br\/wp-content\/uploads\/2023\/04\/340628357_1115768099815688_3899804791348272936_n.jpg 1600w\" sizes=\"(max-width: 1024px) 100vw, 1024px\" \/><\/figure>\n\n\n\n<p>Para que o Plano Diretor seja efetivo, \u00e9 essencial que haja a participa\u00e7\u00e3o social, ou seja, que os cidad\u00e3os estejam envolvidos no processo de planejamento e tomada de decis\u00e3o. A participa\u00e7\u00e3o social permite que as necessidades e demandas da popula\u00e7\u00e3o sejam consideradas e criadas ao Plano Diretor, tornando-o mais justo e adequado \u00e0s necessidades da comunidade.<\/p>\n\n\n\n<p>Al\u00e9m disso, a participa\u00e7\u00e3o social ajuda a promover a transpar\u00eancia e a democracia no processo de planejamento urbano. Quando os cidad\u00e3os t\u00eam voz ativa no processo, eles se sentem mais empoderados e engajados com as decis\u00f5es que tiveram suas vidas e comunidades.<\/p>\n\n\n\n<p>Dessa forma, \u00e9 importante que os cidad\u00e3os participem ativamente do processo de elabora\u00e7\u00e3o e revis\u00e3o do Plano Diretor de sua cidade, por meio de consultas p\u00fablicas, audi\u00eancias, debates e outras negocia\u00e7\u00f5es de participa\u00e7\u00e3o social. Assim, \u00e9 poss\u00edvel construir uma cidade mais justa, inclusiva e sustent\u00e1vel para todos.<\/p>\n\n\n\n<p>Reda\u00e7\u00e3o<\/p>\n","protected":false},"excerpt":{"rendered":"<p>A prefeitura de Pontal do Paran\u00e1 realizar\u00e1 a Confer\u00eancia Extraordin\u00e1ria Municipal da Cidade, com o tema: \u201cO Plano Diretor com a participa\u00e7\u00e3o social e o papel do Conselho Municipal da Cidade\u201d. O evento ser\u00e1 realizado no dia 20 de abril, no Centro de Capacita\u00e7\u00e3o que fica localizado na Rua D\u00eddio Costa, 422, Balne\u00e1rio Praia de [&hellip;]<\/p>\n","protected":false},"author":2,"featured_media":45470,"comment_status":"open","ping_status":"open","sticky":false,"template":"","format":"standard","meta":{"advanced_seo_description":"","jetpack_seo_html_title":"","jetpack_seo_noindex":false,"_jetpack_memberships_contains_paid_content":false,"footnotes":""},"categories":[40],"tags":[],"class_list":{"0":"post-45468","1":"post","2":"type-post","3":"status-publish","4":"format-standard","5":"has-post-thumbnail","7":"category-destaques"},"jetpack_featured_media_url":"https:\/\/www.paranapraia.com.br\/wp-content\/uploads\/2023\/04\/photo1674073785.jpeg","jetpack_sharing_enabled":true,"_links":{"self":[{"href":"https:\/\/www.paranapraia.com.br\/index.php\/wp-json\/wp\/v2\/posts\/45468"}],"collection":[{"href":"https:\/\/www.paranapraia.com.br\/index.php\/wp-json\/wp\/v2\/posts"}],"about":[{"href":"https:\/\/www.paranapraia.com.br\/index.php\/wp-json\/wp\/v2\/types\/post"}],"author":[{"embeddable":true,"href":"https:\/\/www.paranapraia.com.br\/index.php\/wp-json\/wp\/v2\/users\/2"}],"replies":[{"embeddable":true,"href":"https:\/\/www.paranapraia.com.br\/index.php\/wp-json\/wp\/v2\/comments?post=45468"}],"version-history":[{"count":1,"href":"https:\/\/www.paranapraia.com.br\/index.php\/wp-json\/wp\/v2\/posts\/45468\/revisions"}],"predecessor-version":[{"id":45471,"href":"https:\/\/www.paranapraia.com.br\/index.php\/wp-json\/wp\/v2\/posts\/45468\/revisions\/45471"}],"wp:featuredmedia":[{"embeddable":true,"href":"https:\/\/www.paranapraia.com.br\/index.php\/wp-json\/wp\/v2\/media\/45470"}],"wp:attachment":[{"href":"https:\/\/www.paranapraia.com.br\/index.php\/wp-json\/wp\/v2\/media?parent=45468"}],"wp:term":[{"taxonomy":"category","embeddable":true,"href":"https:\/\/www.paranapraia.com.br\/index.php\/wp-json\/wp\/v2\/categories?post=45468"},{"taxonomy":"post_tag","embeddable":true,"href":"https:\/\/www.paranapraia.com.br\/index.php\/wp-json\/wp\/v2\/tags?post=45468"}],"curies":[{"name":"wp","href":"https:\/\/api.w.org\/{rel}","templated":true}]}}