{"id":45130,"date":"2023-03-31T16:10:29","date_gmt":"2023-03-31T19:10:29","guid":{"rendered":"https:\/\/www.paranapraia.com.br\/?p=45130"},"modified":"2023-03-31T16:10:29","modified_gmt":"2023-03-31T19:10:29","slug":"com-saldo-de-11-681-vagas-parana-liderou-empregabilidade-de-mulheres-no-sul-em-fevereiro","status":"publish","type":"post","link":"https:\/\/www.paranapraia.com.br\/index.php\/2023\/03\/31\/com-saldo-de-11-681-vagas-parana-liderou-empregabilidade-de-mulheres-no-sul-em-fevereiro\/","title":{"rendered":"Com saldo de 11.681 vagas, Paran\u00e1 liderou empregabilidade de mulheres no Sul em fevereiro"},"content":{"rendered":"\n<p>Com um saldo positivo de 11.681 vagas de trabalho ocupadas por mulheres em fevereiro deste ano, o Paran\u00e1 manteve a lideran\u00e7a no ranking de contrata\u00e7\u00f5es de mulheres entre os estados do Sul.&nbsp;O Estado encerrou o m\u00eas de fevereiro com 13,87% mais vagas que Santa Catarina no recorte de g\u00eanero (10.258 mulheres), e 18,13% a mais que o Rio Grande do Sul, com 9.888 contrata\u00e7\u00f5es formais no mesmo per\u00edodo. Os dados s\u00e3o do Cadastro Geral de Empregados e Desempregados (Caged), do Minist\u00e9rio do Trabalho e Previd\u00eancia.<\/p>\n\n\n\n<p>Em \u00e2mbito nacional, o Paran\u00e1 se manteve em 3\u00ba lugar, ficando atr\u00e1s somente do estado de S\u00e3o Paulo, com um saldo de 39.226 mulheres empregadas em fevereiro, e Minas Gerais, com 13.826 empregos ocupados por elas. No geral (homens e mulheres), o&nbsp;Paran\u00e1 terminou o m\u00eas com um saldo positivo de 24.081 empregos com carteira assinada. O resultado (diferen\u00e7a de&nbsp;162.139 contrata\u00e7\u00f5es e&nbsp;138.058 demiss\u00f5es) faz do Estado o mais bem colocado da regi\u00e3o Sul e o terceiro do Brasil.<\/p>\n\n\n\n<p>No recorte segmentado, o saldo de emprego entre mulheres foi maior na classe de 18 a 24 anos, com 4.626 contrata\u00e7\u00f5es formais. As que possuem idade entre 30 e 39 anos conquistaram 2.139 encaixes no mercado formal de trabalho.<\/p>\n\n\n\n<p>O setor que mais empregou mulheres em fevereiro deste ano foi o de servi\u00e7os, com um saldo de 3.864 coloca\u00e7\u00f5es. Em seguida estiveram servi\u00e7os em n\u00edvel t\u00e9cnico (2.930), servi\u00e7os administrativos (2.498), profissionais de ci\u00eancias e artes (2.397), bens industriais (1.105)) e agropecu\u00e1ria (171).<\/p>\n\n\n\n<p>Para o secret\u00e1rio estadual do Trabalho, Qualifica\u00e7\u00e3o e Renda, Mauro Moraes, a posi\u00e7\u00e3o que o Paran\u00e1 ocupa no ranking nacional de empregabilidade de mulheres, perdendo apenas para os dois estados mais populosos do Brasil, reflete os efeitos positivos das pol\u00edticas adotadas pelo Governo do Estado para valoriza\u00e7\u00e3o da mulher no mercado de trabalho. &#8220;Atrav\u00e9s de nossas Ag\u00eancias do Trabalhador e postos de atendimento, temos intensificado as a\u00e7\u00f5es de empregabilidade de mulheres, com oferta de vagas de emprego para elas em todas as regi\u00f5es do Estado&#8221;, afirmou.<\/p>\n\n\n\n<p>O secret\u00e1rio tamb\u00e9m destacou que os indicadores de mar\u00e7o devem superar o saldo de mulheres empregadas em fevereiro. Durante o M\u00eas da Mulher, o Governo do Estado, atrav\u00e9s da Secretaria de Estado do Trabalho, Qualifica\u00e7\u00e3o e Renda, promoveu&nbsp;<strong><a href=\"https:\/\/www.aen.pr.gov.br\/Noticia\/Mes-de-marco-tera-mutiroes-de-emprego-para-mulheres-em-toda-Rede-Sine-estadual\" target=\"_blank\" rel=\"noreferrer noopener\">mutir\u00f5es de emprego para elas<\/a><\/strong>&nbsp;em todo o estado.<\/p>\n\n\n\n<p>&#8220;O resultado do trabalho feito em toda a rede Sine estadual durante o m\u00eas de mar\u00e7o deve ampliar a dist\u00e2ncia entre os estados do Sul e nos aproximar ainda mais do estado de Minas Gerais&#8221;, disse Moraes. &#8220;Estamos em crescimento constante no saldo de gera\u00e7\u00e3o de empregos, criando oportunidades para todos os paranaenses&#8221;.<\/p>\n\n\n\n<p><strong>Confira o estudo completo\u00a0<a rel=\"noreferrer noopener\" href=\"https:\/\/www.aen.pr.gov.br\/sites\/default\/arquivos_restritos\/files\/documento\/2023-03\/caged_fevereiro_mulheres_1.pdf\" target=\"_blank\">AQUI<\/a>\u00a0.<\/strong><\/p>\n\n\n\n<p>AEN<\/p>\n","protected":false},"excerpt":{"rendered":"<p>Com um saldo positivo de 11.681 vagas de trabalho ocupadas por mulheres em fevereiro deste ano, o Paran\u00e1 manteve a lideran\u00e7a no ranking de contrata\u00e7\u00f5es de mulheres entre os estados do Sul.&nbsp;O Estado encerrou o m\u00eas de fevereiro com 13,87% mais vagas que Santa Catarina no recorte de g\u00eanero (10.258 mulheres), e 18,13% a mais [&hellip;]<\/p>\n","protected":false},"author":2,"featured_media":45131,"comment_status":"open","ping_status":"open","sticky":false,"template":"","format":"standard","meta":{"advanced_seo_description":"","jetpack_seo_html_title":"","jetpack_seo_noindex":false,"_jetpack_memberships_contains_paid_content":false,"footnotes":""},"categories":[40],"tags":[],"class_list":{"0":"post-45130","1":"post","2":"type-post","3":"status-publish","4":"format-standard","5":"has-post-thumbnail","7":"category-destaques"},"jetpack_featured_media_url":"https:\/\/www.paranapraia.com.br\/wp-content\/uploads\/2023\/03\/1_1.jpg","jetpack_sharing_enabled":true,"_links":{"self":[{"href":"https:\/\/www.paranapraia.com.br\/index.php\/wp-json\/wp\/v2\/posts\/45130"}],"collection":[{"href":"https:\/\/www.paranapraia.com.br\/index.php\/wp-json\/wp\/v2\/posts"}],"about":[{"href":"https:\/\/www.paranapraia.com.br\/index.php\/wp-json\/wp\/v2\/types\/post"}],"author":[{"embeddable":true,"href":"https:\/\/www.paranapraia.com.br\/index.php\/wp-json\/wp\/v2\/users\/2"}],"replies":[{"embeddable":true,"href":"https:\/\/www.paranapraia.com.br\/index.php\/wp-json\/wp\/v2\/comments?post=45130"}],"version-history":[{"count":1,"href":"https:\/\/www.paranapraia.com.br\/index.php\/wp-json\/wp\/v2\/posts\/45130\/revisions"}],"predecessor-version":[{"id":45132,"href":"https:\/\/www.paranapraia.com.br\/index.php\/wp-json\/wp\/v2\/posts\/45130\/revisions\/45132"}],"wp:featuredmedia":[{"embeddable":true,"href":"https:\/\/www.paranapraia.com.br\/index.php\/wp-json\/wp\/v2\/media\/45131"}],"wp:attachment":[{"href":"https:\/\/www.paranapraia.com.br\/index.php\/wp-json\/wp\/v2\/media?parent=45130"}],"wp:term":[{"taxonomy":"category","embeddable":true,"href":"https:\/\/www.paranapraia.com.br\/index.php\/wp-json\/wp\/v2\/categories?post=45130"},{"taxonomy":"post_tag","embeddable":true,"href":"https:\/\/www.paranapraia.com.br\/index.php\/wp-json\/wp\/v2\/tags?post=45130"}],"curies":[{"name":"wp","href":"https:\/\/api.w.org\/{rel}","templated":true}]}}