{"id":45127,"date":"2023-03-31T15:56:44","date_gmt":"2023-03-31T18:56:44","guid":{"rendered":"https:\/\/www.paranapraia.com.br\/?p=45127"},"modified":"2023-03-31T15:56:44","modified_gmt":"2023-03-31T18:56:44","slug":"pcpr-prende-homem-por-homicidio-em-menos-de-24-horas-apos-o-crime-em-paranagua","status":"publish","type":"post","link":"https:\/\/www.paranapraia.com.br\/index.php\/2023\/03\/31\/pcpr-prende-homem-por-homicidio-em-menos-de-24-horas-apos-o-crime-em-paranagua\/","title":{"rendered":"PCPR prende homem por homic\u00eddio em menos de 24 horas ap\u00f3s o crime em Paranagu\u00e1"},"content":{"rendered":"\n<p>A Pol\u00edcia Civil do Paran\u00e1 (PCPR) prendeu em flagrante, em menos de 24 horas ap\u00f3s o crime, um homem, de 37 anos, por homic\u00eddio nesta quinta-feira (30), na Vila S\u00e3o Carlos, em Paranagu\u00e1, Litoral do Estado. O crime aconteceu na madrugada do mesmo dia.<\/p>\n\n\n\n<p>Conforme apurado pela PCPR, o indiv\u00edduo \u00e9 propriet\u00e1rio de um bar na regi\u00e3o e, na ocasi\u00e3o, teria efetuado diversos golpes de faca contra um homem ap\u00f3s ele ter mostrado o \u00f3rg\u00e3o genital para a esposa e filha do suspeito.<\/p>\n\n\n\n<p>O delegado da PCPR Ivan Jos\u00e9 explica que a equipe policial iniciou imediatamente as dilig\u00eancias no intuito de localizar o autor e esclarecer a circunst\u00e2ncias do crime. \u201cDurante o andamento da investiga\u00e7\u00e3o, recebemos uma den\u00fancia an\u00f4nima que trouxe informa\u00e7\u00f5es quanto ao local do homic\u00eddio e o ve\u00edculo utilizado. Na regi\u00e3o, as equipes obtiveram \u00eaxito em localizar o carro\u201d, afirma o delegado.<\/p>\n\n\n\n<p>Ao ser abordado pelos policiais civis, o indiv\u00edduo negou conhecimento dos fatos. Posteriormente, com a localiza\u00e7\u00e3o da faca e roupas com manchas de sangue, ele confessou o crime e a motiva\u00e7\u00e3o, esclarecendo a din\u00e2mica do homic\u00eddio.<\/p>\n\n\n\n<p>O homem foi autuado e encaminhado \u00e0 cadeia p\u00fablica de Paranagu\u00e1.<\/p>\n\n\n\n<p>CRIME- Ap\u00f3s golpear o homem, o suspeito transportou a v\u00edtima em seu ve\u00edculo, ainda com vida, at\u00e9 o bairro Alexandra, no munic\u00edpio. No local, desferiu novos golpes de faca e abandonou o corpo.<\/p>\n\n\n\n<p>DEN\u00daNCIAS- A PCPR solicita a colabora\u00e7\u00e3o da popula\u00e7\u00e3o com informa\u00e7\u00f5es que auxiliem em investiga\u00e7\u00f5es contra homic\u00eddios. As den\u00fancias podem ser feitas de forma an\u00f4nima, pelos n\u00fameros 197, da PCPR, 181, do Disque-Den\u00fancia ou (41) 3420-3612, diretamente \u00e0 equipe de investiga\u00e7\u00e3o.<\/p>\n\n\n\n<p>PCPR<\/p>\n","protected":false},"excerpt":{"rendered":"<p>A Pol\u00edcia Civil do Paran\u00e1 (PCPR) prendeu em flagrante, em menos de 24 horas ap\u00f3s o crime, um homem, de 37 anos, por homic\u00eddio nesta quinta-feira (30), na Vila S\u00e3o Carlos, em Paranagu\u00e1, Litoral do Estado. O crime aconteceu na madrugada do mesmo dia. Conforme apurado pela PCPR, o indiv\u00edduo \u00e9 propriet\u00e1rio de um bar [&hellip;]<\/p>\n","protected":false},"author":2,"featured_media":45128,"comment_status":"open","ping_status":"open","sticky":false,"template":"","format":"standard","meta":{"advanced_seo_description":"","jetpack_seo_html_title":"","jetpack_seo_noindex":false,"_jetpack_memberships_contains_paid_content":false,"footnotes":""},"categories":[33],"tags":[],"class_list":{"0":"post-45127","1":"post","2":"type-post","3":"status-publish","4":"format-standard","5":"has-post-thumbnail","7":"category-policia"},"jetpack_featured_media_url":"https:\/\/www.paranapraia.com.br\/wp-content\/uploads\/2023\/03\/pcpr4_3.jpg","jetpack_sharing_enabled":true,"_links":{"self":[{"href":"https:\/\/www.paranapraia.com.br\/index.php\/wp-json\/wp\/v2\/posts\/45127"}],"collection":[{"href":"https:\/\/www.paranapraia.com.br\/index.php\/wp-json\/wp\/v2\/posts"}],"about":[{"href":"https:\/\/www.paranapraia.com.br\/index.php\/wp-json\/wp\/v2\/types\/post"}],"author":[{"embeddable":true,"href":"https:\/\/www.paranapraia.com.br\/index.php\/wp-json\/wp\/v2\/users\/2"}],"replies":[{"embeddable":true,"href":"https:\/\/www.paranapraia.com.br\/index.php\/wp-json\/wp\/v2\/comments?post=45127"}],"version-history":[{"count":1,"href":"https:\/\/www.paranapraia.com.br\/index.php\/wp-json\/wp\/v2\/posts\/45127\/revisions"}],"predecessor-version":[{"id":45129,"href":"https:\/\/www.paranapraia.com.br\/index.php\/wp-json\/wp\/v2\/posts\/45127\/revisions\/45129"}],"wp:featuredmedia":[{"embeddable":true,"href":"https:\/\/www.paranapraia.com.br\/index.php\/wp-json\/wp\/v2\/media\/45128"}],"wp:attachment":[{"href":"https:\/\/www.paranapraia.com.br\/index.php\/wp-json\/wp\/v2\/media?parent=45127"}],"wp:term":[{"taxonomy":"category","embeddable":true,"href":"https:\/\/www.paranapraia.com.br\/index.php\/wp-json\/wp\/v2\/categories?post=45127"},{"taxonomy":"post_tag","embeddable":true,"href":"https:\/\/www.paranapraia.com.br\/index.php\/wp-json\/wp\/v2\/tags?post=45127"}],"curies":[{"name":"wp","href":"https:\/\/api.w.org\/{rel}","templated":true}]}}