{"id":45107,"date":"2023-03-31T14:41:09","date_gmt":"2023-03-31T17:41:09","guid":{"rendered":"https:\/\/www.paranapraia.com.br\/?p=45107"},"modified":"2023-03-31T14:41:09","modified_gmt":"2023-03-31T17:41:09","slug":"governador-anuncia-reajuste-de-579-para-servidores-e-novo-piso-dos-professores","status":"publish","type":"post","link":"https:\/\/www.paranapraia.com.br\/index.php\/2023\/03\/31\/governador-anuncia-reajuste-de-579-para-servidores-e-novo-piso-dos-professores\/","title":{"rendered":"Governador anuncia reajuste de 5,79% para servidores e novo piso dos professores"},"content":{"rendered":"\n<p>O governador Carlos Massa Ratinho Junior anunciou nesta sexta-feira (31) um reajuste geral de 5,79% para os cerca de 271 mil servidores ativos e inativos do Estado do Paran\u00e1. Ele tamb\u00e9m definiu um reajuste adicional para os professores do Quatro Pr\u00f3prio do Magist\u00e9rio (QPM) que ainda n\u00e3o recebiam o piso nacional da categoria (R$ 4.420,55). No Paran\u00e1, a remunera\u00e7\u00e3o final m\u00ednima ultrapassar\u00e1 R$ 6 mil no caso dos professores (40 horas semanais) porque a folha dos ativos engloba ainda vale-transporte de R$ 842,54 e gratifica\u00e7\u00e3o de R$ 800.<\/p>\n\n\n\n<p>A proposta de autoria do Governo do Estado ser\u00e1 enviada para an\u00e1lise de Assembleia Legislativa do Paran\u00e1 (Alep) por meio de um projeto de lei, o que deve ocorrer em julho. O estudo t\u00e9cnico conduzido pelo Poder Executivo estima que o impacto aos cofres estaduais ser\u00e1 de quase R$ 2 bilh\u00f5es ao ano.&nbsp;Os reajustes devem come\u00e7ar a ser pagos a partir do m\u00eas de agosto a toda a folha.<\/p>\n\n\n\n<p>No caso dos professores, a medida est\u00e1 dentro da portaria do Minist\u00e9rio da Educa\u00e7\u00e3o que determinou o novo sal\u00e1rio. Parte dos valores a serem pagos s\u00e3o oriundos do Fundo de Manuten\u00e7\u00e3o e Desenvolvimento da Educa\u00e7\u00e3o B\u00e1sica (Fundeb), repassado pela Uni\u00e3o aos governos estaduais.&nbsp;O reajuste na tabela ser\u00e1 aplicado para&nbsp;134 mil servidores da educa\u00e7\u00e3o (ativos e inativos, quadro pr\u00f3prio e PSS).<\/p>\n\n\n\n<p>No caso da educa\u00e7\u00e3o, a medida impacta tanto os profissionais que ocupam cargos de provimento via concurso p\u00fablico quanto aqueles que ingressaram por meio dos Processos Seletivos Simplificados (PSS), organizados pela Secretaria de Estado da Educa\u00e7\u00e3o, para sele\u00e7\u00e3o dos profissionais tempor\u00e1rios para trabalho no ano letivo corrente.&nbsp;<\/p>\n\n\n\n<p>&#8220;Com essas duas medidas estamos garantindo que o piso nacional ser\u00e1 respeitado no Paran\u00e1, uma evolu\u00e7\u00e3o continuada em rela\u00e7\u00e3o ao que estabelecemos no \u00faltimo piso e aos benef\u00edcios incorporados na remunera\u00e7\u00e3o dos servidores da ativa. O Estado tem a melhor educa\u00e7\u00e3o do Brasil, o que se deve ao trabalho dos nossos docentes&#8221;, afirmou Ratinho Junior. &#8220;E em rela\u00e7\u00e3o ao reajuste geral chegamos num equil\u00edbrio para aplicar a infla\u00e7\u00e3o de 2022 e manter a nossa capacidade de investimento e transforma\u00e7\u00e3o do Estado&#8221;.<\/p>\n\n\n\n<p><strong>EDUCA\u00c7\u00c3O&nbsp;<\/strong>\u2013&nbsp;O Governo do Estado tamb\u00e9m publicou h\u00e1 uma semana o&nbsp;<a href=\"https:\/\/www.aen.pr.gov.br\/Noticia\/Governo-do-Parana-publica-edital-do-concurso-publico-para-professores\" target=\"_blank\" rel=\"noreferrer noopener\">edital do novo concurso p\u00fablico<\/a>&nbsp;para professores, que n\u00e3o era realizado h\u00e1 mais de 10 anos.&nbsp;Ele ofertar\u00e1 inicialmente 1.256 vagas para professores, sendo 1.109 para doc\u00eancia da Matriz Curricular e 147 vagas para professor-pedagogo, distribu\u00eddas nos 32 N\u00facleos Regionais. Como o prazo de validade do concurso \u00e9 de dois anos, prorrog\u00e1vel pelo mesmo per\u00edodo, a expectativa \u00e9 que o n\u00famero de candidatos chamados seja muito maior, ou seja, ele servir\u00e1 tamb\u00e9m para um grande cadastro de reserva.<\/p>\n\n\n\n<p>De acordo com o edital, o concurso ser\u00e1 dividido em cinco etapas: prova objetiva, prova discursiva e prova pr\u00e1tica, de car\u00e1ter eliminat\u00f3rio e classificat\u00f3rio, prova de t\u00edtulos, de car\u00e1ter classificat\u00f3rio, e avalia\u00e7\u00e3o m\u00e9dica, de car\u00e1ter eliminat\u00f3rio.&nbsp;As inscri\u00e7\u00f5es v\u00e3o de 10 de abril at\u00e9 o dia 09 de maio.<\/p>\n\n\n\n<p><strong>REAJUSTE GERAL\u00a0<\/strong>\u2013 O reajuste de todos os servidores ser\u00e1 feito com base na infla\u00e7\u00e3o acumulada de 2022.\u00a0O \u00cdndice Nacional de Pre\u00e7os ao Consumidor Amplo (IPCA) fechou o ano em 5,79%.<\/p>\n\n\n\n<p>AEN<\/p>\n","protected":false},"excerpt":{"rendered":"<p>O governador Carlos Massa Ratinho Junior anunciou nesta sexta-feira (31) um reajuste geral de 5,79% para os cerca de 271 mil servidores ativos e inativos do Estado do Paran\u00e1. Ele tamb\u00e9m definiu um reajuste adicional para os professores do Quatro Pr\u00f3prio do Magist\u00e9rio (QPM) que ainda n\u00e3o recebiam o piso nacional da categoria (R$ 4.420,55). [&hellip;]<\/p>\n","protected":false},"author":2,"featured_media":45108,"comment_status":"open","ping_status":"open","sticky":false,"template":"","format":"standard","meta":{"advanced_seo_description":"","jetpack_seo_html_title":"","jetpack_seo_noindex":false,"_jetpack_memberships_contains_paid_content":false,"footnotes":""},"categories":[72],"tags":[],"class_list":{"0":"post-45107","1":"post","2":"type-post","3":"status-publish","4":"format-standard","5":"has-post-thumbnail","7":"category-educacao"},"jetpack_featured_media_url":"https:\/\/www.paranapraia.com.br\/wp-content\/uploads\/2023\/03\/psx_20230331_111501.jpg","jetpack_sharing_enabled":true,"_links":{"self":[{"href":"https:\/\/www.paranapraia.com.br\/index.php\/wp-json\/wp\/v2\/posts\/45107"}],"collection":[{"href":"https:\/\/www.paranapraia.com.br\/index.php\/wp-json\/wp\/v2\/posts"}],"about":[{"href":"https:\/\/www.paranapraia.com.br\/index.php\/wp-json\/wp\/v2\/types\/post"}],"author":[{"embeddable":true,"href":"https:\/\/www.paranapraia.com.br\/index.php\/wp-json\/wp\/v2\/users\/2"}],"replies":[{"embeddable":true,"href":"https:\/\/www.paranapraia.com.br\/index.php\/wp-json\/wp\/v2\/comments?post=45107"}],"version-history":[{"count":1,"href":"https:\/\/www.paranapraia.com.br\/index.php\/wp-json\/wp\/v2\/posts\/45107\/revisions"}],"predecessor-version":[{"id":45109,"href":"https:\/\/www.paranapraia.com.br\/index.php\/wp-json\/wp\/v2\/posts\/45107\/revisions\/45109"}],"wp:featuredmedia":[{"embeddable":true,"href":"https:\/\/www.paranapraia.com.br\/index.php\/wp-json\/wp\/v2\/media\/45108"}],"wp:attachment":[{"href":"https:\/\/www.paranapraia.com.br\/index.php\/wp-json\/wp\/v2\/media?parent=45107"}],"wp:term":[{"taxonomy":"category","embeddable":true,"href":"https:\/\/www.paranapraia.com.br\/index.php\/wp-json\/wp\/v2\/categories?post=45107"},{"taxonomy":"post_tag","embeddable":true,"href":"https:\/\/www.paranapraia.com.br\/index.php\/wp-json\/wp\/v2\/tags?post=45107"}],"curies":[{"name":"wp","href":"https:\/\/api.w.org\/{rel}","templated":true}]}}