{"id":45103,"date":"2023-03-31T14:28:13","date_gmt":"2023-03-31T17:28:13","guid":{"rendered":"https:\/\/www.paranapraia.com.br\/?p=45103"},"modified":"2023-03-31T14:28:13","modified_gmt":"2023-03-31T17:28:13","slug":"pcpr-prende-duas-pessoas-em-flagrante-por-trafico-de-drogas-e-posse-irregular-de-arma-de-fogo-em-guaratuba","status":"publish","type":"post","link":"https:\/\/www.paranapraia.com.br\/index.php\/2023\/03\/31\/pcpr-prende-duas-pessoas-em-flagrante-por-trafico-de-drogas-e-posse-irregular-de-arma-de-fogo-em-guaratuba\/","title":{"rendered":"PCPR prende duas pessoas em flagrante por tr\u00e1fico de drogas e posse irregular de arma de fogo em Guaratuba"},"content":{"rendered":"\n<p>A Pol\u00edcia Civil do Paran\u00e1 (PCPR) prendeu duas pessoas em flagrante por tr\u00e1fico de drogas e posse irregular de arma de fogo, nesta quinta-feira (30), em Guaratuba, no Litoral do Estado.&nbsp;<\/p>\n\n\n\n<p>Durante a a\u00e7\u00e3o, os policiais apreenderam um rev\u00f3lver, uma pistola e uma espingarda. Al\u00e9m de 89 muni\u00e7\u00f5es, uma granada de fabrica\u00e7\u00e3o caseira, capa de colete de vigilante parcialmente carbonizada, gal\u00e3o com combust\u00edvel, faca, r\u00e1dio comunicador, por\u00e7\u00f5es de maconha, coca\u00edna e crack e R$ 156,30.&nbsp;<\/p>\n\n\n\n<p>O delegado da PCPR Gabriel Rocha explica que os policiais civis estavam realizando dilig\u00eancias no local quando um dos indiv\u00edduos tentou fugir.&nbsp;<\/p>\n\n\n\n<p>\u201cEst\u00e1vamos realizando dilig\u00eancias no local, que \u00e9 uma constru\u00e7\u00e3o abandonada. Ao chegarmos no interior do im\u00f3vel visualizamos os dois suspeitos, que tentaram fugir, mas foram alcan\u00e7ados e logramos \u00eaxito na abordagem\u201d, afirma Rocha. &nbsp;<\/p>\n\n\n\n<p>As investiga\u00e7\u00f5es seguem a fim de esclarecer os fatos. Os indiv\u00edduos foram encaminhados \u00e0 Delegacia da PCPR em Guaratuba para as medidas cab\u00edveis.&nbsp;<\/p>\n\n\n\n<p>DEN\u00daNCIAS- A PCPR solicita a colabora\u00e7\u00e3o da popula\u00e7\u00e3o com informa\u00e7\u00f5es que auxiliem nas investiga\u00e7\u00f5es contra o tr\u00e1fico de drogas. As informa\u00e7\u00f5es podem ser repassadas de forma an\u00f4nima pelos telefones 197, da PCPR ou 181, do Disque-Den\u00fancia.<\/p>\n\n\n\n<p>PCPR<\/p>\n","protected":false},"excerpt":{"rendered":"<p>A Pol\u00edcia Civil do Paran\u00e1 (PCPR) prendeu duas pessoas em flagrante por tr\u00e1fico de drogas e posse irregular de arma de fogo, nesta quinta-feira (30), em Guaratuba, no Litoral do Estado.&nbsp; Durante a a\u00e7\u00e3o, os policiais apreenderam um rev\u00f3lver, uma pistola e uma espingarda. Al\u00e9m de 89 muni\u00e7\u00f5es, uma granada de fabrica\u00e7\u00e3o caseira, capa de [&hellip;]<\/p>\n","protected":false},"author":2,"featured_media":45104,"comment_status":"open","ping_status":"open","sticky":false,"template":"","format":"standard","meta":{"advanced_seo_description":"","jetpack_seo_html_title":"","jetpack_seo_noindex":false,"_jetpack_memberships_contains_paid_content":false,"footnotes":""},"categories":[33],"tags":[],"class_list":{"0":"post-45103","1":"post","2":"type-post","3":"status-publish","4":"format-standard","5":"has-post-thumbnail","7":"category-policia"},"jetpack_featured_media_url":"https:\/\/www.paranapraia.com.br\/wp-content\/uploads\/2023\/03\/pcpr5_6.jpg","jetpack_sharing_enabled":true,"_links":{"self":[{"href":"https:\/\/www.paranapraia.com.br\/index.php\/wp-json\/wp\/v2\/posts\/45103"}],"collection":[{"href":"https:\/\/www.paranapraia.com.br\/index.php\/wp-json\/wp\/v2\/posts"}],"about":[{"href":"https:\/\/www.paranapraia.com.br\/index.php\/wp-json\/wp\/v2\/types\/post"}],"author":[{"embeddable":true,"href":"https:\/\/www.paranapraia.com.br\/index.php\/wp-json\/wp\/v2\/users\/2"}],"replies":[{"embeddable":true,"href":"https:\/\/www.paranapraia.com.br\/index.php\/wp-json\/wp\/v2\/comments?post=45103"}],"version-history":[{"count":1,"href":"https:\/\/www.paranapraia.com.br\/index.php\/wp-json\/wp\/v2\/posts\/45103\/revisions"}],"predecessor-version":[{"id":45105,"href":"https:\/\/www.paranapraia.com.br\/index.php\/wp-json\/wp\/v2\/posts\/45103\/revisions\/45105"}],"wp:featuredmedia":[{"embeddable":true,"href":"https:\/\/www.paranapraia.com.br\/index.php\/wp-json\/wp\/v2\/media\/45104"}],"wp:attachment":[{"href":"https:\/\/www.paranapraia.com.br\/index.php\/wp-json\/wp\/v2\/media?parent=45103"}],"wp:term":[{"taxonomy":"category","embeddable":true,"href":"https:\/\/www.paranapraia.com.br\/index.php\/wp-json\/wp\/v2\/categories?post=45103"},{"taxonomy":"post_tag","embeddable":true,"href":"https:\/\/www.paranapraia.com.br\/index.php\/wp-json\/wp\/v2\/tags?post=45103"}],"curies":[{"name":"wp","href":"https:\/\/api.w.org\/{rel}","templated":true}]}}