{"id":45030,"date":"2023-03-30T21:17:09","date_gmt":"2023-03-31T00:17:09","guid":{"rendered":"https:\/\/www.paranapraia.com.br\/?p=45030"},"modified":"2023-03-31T10:32:23","modified_gmt":"2023-03-31T13:32:23","slug":"pontal-do-parana-recebe-evento-empodera-de-pascoa-para-incentivar-o-empreendedorismo-feminino","status":"publish","type":"post","link":"https:\/\/www.paranapraia.com.br\/index.php\/2023\/03\/30\/pontal-do-parana-recebe-evento-empodera-de-pascoa-para-incentivar-o-empreendedorismo-feminino\/","title":{"rendered":"Pontal do Paran\u00e1 recebe evento &#8220;Empodera de P\u00e1scoa&#8221; para incentivar o empreendedorismo feminino"},"content":{"rendered":"\n<p>No pr\u00f3ximo final de semana, 01 de abril, a cidade de Pontal do Paran\u00e1 receber\u00e1 o evento Empodera, que ser\u00e1 realizado no Provopar, das 14h \u00e1s 19h e contar\u00e1 com diversas atividades para os participantes empreendedores.  <\/p>\n\n\n\n<figure class=\"wp-block-video\"><video controls src=\"https:\/\/www.paranapraia.com.br\/wp-content\/uploads\/2023\/03\/VID-20230330-WA0104.mp4\"><\/video><\/figure>\n\n\n\n<p>O evento organizado pela Prefeitura de Pontal do Paran\u00e1 tem como objetivo fomentar o empreendedorismo feminino na regi\u00e3o. O evento \u00e9 voltado para mulheres pequenas empreendedoras para promover intera\u00e7\u00e3o entre a classe e vender seus produtos artesanais, especialmente ovos e cestas de p\u00e1scoa.<\/p>\n\n\n\n<p>D\u00e9bora Baumel uma das participantes e est\u00e1 preparando uma diversidade de produtos artesanais para oferecer no Empodera. Ela contou a nossa equipe que come\u00e7ou a trabalhar com doces e chocolates faz apenas um ano mas que desde os 10 anos j\u00e1 estava ajudando sua av\u00f3 na cozinha.<\/p>\n\n\n\n<figure class=\"wp-block-gallery columns-1 is-cropped wp-block-gallery-1 is-layout-flex wp-block-gallery-is-layout-flex\"><ul class=\"blocks-gallery-grid\"><li class=\"blocks-gallery-item\"><figure><img loading=\"lazy\" decoding=\"async\" width=\"1024\" height=\"576\" src=\"https:\/\/www.paranapraia.com.br\/wp-content\/uploads\/2023\/03\/IMG-20230330-WA0097-1-1024x576.jpg\" alt=\"\" data-id=\"45033\" data-full-url=\"https:\/\/www.paranapraia.com.br\/wp-content\/uploads\/2023\/03\/IMG-20230330-WA0097-1.jpg\" data-link=\"https:\/\/www.paranapraia.com.br\/?attachment_id=45033\" class=\"wp-image-45033\" srcset=\"https:\/\/www.paranapraia.com.br\/wp-content\/uploads\/2023\/03\/IMG-20230330-WA0097-1-1024x576.jpg 1024w, https:\/\/www.paranapraia.com.br\/wp-content\/uploads\/2023\/03\/IMG-20230330-WA0097-1-300x169.jpg 300w, https:\/\/www.paranapraia.com.br\/wp-content\/uploads\/2023\/03\/IMG-20230330-WA0097-1-768x432.jpg 768w, https:\/\/www.paranapraia.com.br\/wp-content\/uploads\/2023\/03\/IMG-20230330-WA0097-1-1536x864.jpg 1536w, https:\/\/www.paranapraia.com.br\/wp-content\/uploads\/2023\/03\/IMG-20230330-WA0097-1-696x392.jpg 696w, https:\/\/www.paranapraia.com.br\/wp-content\/uploads\/2023\/03\/IMG-20230330-WA0097-1-1068x601.jpg 1068w, https:\/\/www.paranapraia.com.br\/wp-content\/uploads\/2023\/03\/IMG-20230330-WA0097-1-747x420.jpg 747w, https:\/\/www.paranapraia.com.br\/wp-content\/uploads\/2023\/03\/IMG-20230330-WA0097-1.jpg 1600w\" sizes=\"(max-width: 1024px) 100vw, 1024px\" \/><\/figure><\/li><\/ul><\/figure>\n\n\n\n<p>&#8220;Eu aprendi desde meus 10 anos com minha av\u00f3, minha familia \u00e9 de confeiteiras e sempre estive perto, ent\u00e3o aprendi, foi de petit gateau a trufas, a\u00ed fiz meu curso de confeitaria, e depois o curso de salgados e tamb\u00e9m de chef de cozinha. Mas no ano passado depois que amigos me deram o desafio, eu comecei a produzir novamente, especialmente doces diferentes, ma\u00e7\u00e3s decoradas, cupcakes e p\u00e3o de mel&#8221;, disse D\u00e9bora.<\/p>\n\n\n\n<p>A participante ainda falou sobre a import\u00e2ncia de eventos como o Empodera para ajudar as mulheres a desenvolverem seus neg\u00f3cios e se sentirem empoderadas e fortes.<\/p>\n\n\n\n<p>&#8220;Na minha fam\u00edlia as mulheres s\u00e3o fortes e sempre percebi que elas eram empoderadas, e que corriam atras de suas coisas de seus sonhos, e eu fiz a mesma coisa, estou correndo atras dos meus sonhos e quando todas se juntam, como esse evento est\u00e1 proporcionando, \u00e9 sim um conjunto de for\u00e7as que promovem o empoderamento de todas as mulheres e dessa forma me sentindo empoderada, muitas portas se abriram pra mim, e tenho certeza que v\u00e3o se abrir pras outras meninas, ent\u00e3o n\u00e3o desistam dos seus sonhos nunca&#8221;, completou.<\/p>\n\n\n\n<p>A organiza\u00e7\u00e3o do evento espera reunir cerca de 70 mulheres empreendedoras de diferentes segmentos, como artesanato, gastronomia (especial de p\u00e1scoa). <\/p>\n\n\n\n<p>A vice-prefeita e secret\u00e1ria de Assist\u00eancia Social, Patr\u00edcia Millo Marcomini, disse que o Empodera \u00e9 uma oportunidade de incentivar as mulheres a se empoderarem e acreditarem no seu potencial como empreendedoras.<\/p>\n\n\n\n<p>&#8220;Queremos que as empreendedoras se sintam cada vez mais fortalecidas e seguras para vender seus produtos e empreender cada vez mais. Muitas mulheres hoje vivem sozinhas com seus filhos e tem que buscar alternativas para o sustento da fam\u00edlia, estamos promovendo o empoderamento para mostrar para todas, que sim \u00e9 poss\u00edvel empreender e melhorar a qualidade de vida, acredito nisso por meio do aperfei\u00e7oamento, cursos e dedica\u00e7\u00e3o. O Empodera \u00e9 uma forma de reunir essas mulheres, trocar experi\u00eancias e conhecimentos e incentivar o empreendedorismo feminino em Pontal do Paran\u00e1&#8221;, explicou Patr\u00edcia.<\/p>\n\n\n\n<p>Kauh\u00ea Prieto<\/p>\n","protected":false},"excerpt":{"rendered":"<p>No pr\u00f3ximo final de semana, 01 de abril, a cidade de Pontal do Paran\u00e1 receber\u00e1 o evento Empodera, que ser\u00e1 realizado no Provopar, das 14h \u00e1s 19h e contar\u00e1 com diversas atividades para os participantes empreendedores. O evento organizado pela Prefeitura de Pontal do Paran\u00e1 tem como objetivo fomentar o empreendedorismo feminino na regi\u00e3o. O [&hellip;]<\/p>\n","protected":false},"author":2,"featured_media":45031,"comment_status":"open","ping_status":"open","sticky":false,"template":"","format":"standard","meta":{"advanced_seo_description":"","jetpack_seo_html_title":"","jetpack_seo_noindex":false,"_jetpack_memberships_contains_paid_content":false,"footnotes":""},"categories":[40],"tags":[],"class_list":{"0":"post-45030","1":"post","2":"type-post","3":"status-publish","4":"format-standard","5":"has-post-thumbnail","7":"category-destaques"},"jetpack_featured_media_url":"https:\/\/www.paranapraia.com.br\/wp-content\/uploads\/2023\/03\/IMG-20230330-WA0097.jpg","jetpack_sharing_enabled":true,"_links":{"self":[{"href":"https:\/\/www.paranapraia.com.br\/index.php\/wp-json\/wp\/v2\/posts\/45030"}],"collection":[{"href":"https:\/\/www.paranapraia.com.br\/index.php\/wp-json\/wp\/v2\/posts"}],"about":[{"href":"https:\/\/www.paranapraia.com.br\/index.php\/wp-json\/wp\/v2\/types\/post"}],"author":[{"embeddable":true,"href":"https:\/\/www.paranapraia.com.br\/index.php\/wp-json\/wp\/v2\/users\/2"}],"replies":[{"embeddable":true,"href":"https:\/\/www.paranapraia.com.br\/index.php\/wp-json\/wp\/v2\/comments?post=45030"}],"version-history":[{"count":5,"href":"https:\/\/www.paranapraia.com.br\/index.php\/wp-json\/wp\/v2\/posts\/45030\/revisions"}],"predecessor-version":[{"id":45102,"href":"https:\/\/www.paranapraia.com.br\/index.php\/wp-json\/wp\/v2\/posts\/45030\/revisions\/45102"}],"wp:featuredmedia":[{"embeddable":true,"href":"https:\/\/www.paranapraia.com.br\/index.php\/wp-json\/wp\/v2\/media\/45031"}],"wp:attachment":[{"href":"https:\/\/www.paranapraia.com.br\/index.php\/wp-json\/wp\/v2\/media?parent=45030"}],"wp:term":[{"taxonomy":"category","embeddable":true,"href":"https:\/\/www.paranapraia.com.br\/index.php\/wp-json\/wp\/v2\/categories?post=45030"},{"taxonomy":"post_tag","embeddable":true,"href":"https:\/\/www.paranapraia.com.br\/index.php\/wp-json\/wp\/v2\/tags?post=45030"}],"curies":[{"name":"wp","href":"https:\/\/api.w.org\/{rel}","templated":true}]}}