{"id":45015,"date":"2023-03-29T13:52:55","date_gmt":"2023-03-29T16:52:55","guid":{"rendered":"https:\/\/www.paranapraia.com.br\/?p=45015"},"modified":"2023-03-29T13:52:55","modified_gmt":"2023-03-29T16:52:55","slug":"porto-de-paranagua-ganha-nova-sinalizacao-horizontal-e-vertical-na-faixa-primaria","status":"publish","type":"post","link":"https:\/\/www.paranapraia.com.br\/index.php\/2023\/03\/29\/porto-de-paranagua-ganha-nova-sinalizacao-horizontal-e-vertical-na-faixa-primaria\/","title":{"rendered":"Porto de Paranagu\u00e1 ganha nova sinaliza\u00e7\u00e3o horizontal e vertical na faixa prim\u00e1ria"},"content":{"rendered":"\n<p>A Portos do Paran\u00e1 est\u00e1 melhorando a sinaliza\u00e7\u00e3o horizontal (pinturas nas vias) e vertical (placas) na \u00e1rea prim\u00e1ria e na \u00e1rea retro portu\u00e1ria do Porto de Paranagu\u00e1. A implanta\u00e7\u00e3o da nova sinaliza\u00e7\u00e3o foi estudada da melhor maneira para beneficiar o usu\u00e1rio e o motorista, para que facilite a opera\u00e7\u00e3o, agilize o fluxo log\u00edstico e respeite toda essa cadeia log\u00edstica que o porto \u00e9 respons\u00e1vel.<\/p>\n\n\n\n<p>Foram priorizadas as faixas azuis, que orientam as movimenta\u00e7\u00f5es de pedestres dentro do cais e a sinaliza\u00e7\u00e3o horizontal das vias de ve\u00edculos, que definem onde carros, m\u00e1quinas e caminh\u00f5es podem circular.Tamb\u00e9m foram instaladas novas placas de limite de velocidade, de proibido estacionar, de aten\u00e7\u00e3o para as \u00e1reas operacionais, das rotas de fuga e de orienta\u00e7\u00e3o de caminho aos terminais de desembarque.<\/p>\n\n\n\n<p>Segundo o gerente de Sa\u00fade e Seguran\u00e7a do Trabalho da Portos do Paran\u00e1, Jos\u00e9 Sbravatti, a orienta\u00e7\u00e3o \u00e9 para que todos os usu\u00e1rios que est\u00e3o circulando a p\u00e9 na faixa portu\u00e1ria fa\u00e7am uso das faixas azuis destinadas exclusivamente aos pedestres. \u201cElas foram projetadas para ficarem sempre no lado da terra e mais afastadas das vias e das \u00e1reas em que se concentra a opera\u00e7\u00e3o, exatamente para diminuir a exposi\u00e7\u00e3o das pessoas em rela\u00e7\u00e3o \u00e0s \u2018zonas mais quentes\u2019, que possuem intenso fluxo de ve\u00edculos e m\u00e1quinas\u201d, afirma.<\/p>\n\n\n\n<p>As faixas azuis t\u00eam in\u00edcio no port\u00e3o 2 (Dom Pedro II), com caminhos que levam \u00e0 \u00e1rea leste do cais, conectando at\u00e9 o ber\u00e7o 214. Todo esse trecho conta com sinaliza\u00e7\u00e3o vertical para pedestres e com faixas brancas, indicando prefer\u00eancia, em frente \u00e0 cada port\u00e3o de sa\u00edda. J\u00e1 para o lado oeste, elas conectam at\u00e9 o ber\u00e7o 201, com um diferencial: a faixa passa por uma \u00e1rea que possui guarda-corpo, ao lado do armaz\u00e9m da Klabin, o que proporciona maior seguran\u00e7a aos usu\u00e1rios que circulam a p\u00e9 pelo local.<\/p>\n\n\n\n<p>AEN<\/p>\n","protected":false},"excerpt":{"rendered":"<p>A Portos do Paran\u00e1 est\u00e1 melhorando a sinaliza\u00e7\u00e3o horizontal (pinturas nas vias) e vertical (placas) na \u00e1rea prim\u00e1ria e na \u00e1rea retro portu\u00e1ria do Porto de Paranagu\u00e1. A implanta\u00e7\u00e3o da nova sinaliza\u00e7\u00e3o foi estudada da melhor maneira para beneficiar o usu\u00e1rio e o motorista, para que facilite a opera\u00e7\u00e3o, agilize o fluxo log\u00edstico e respeite [&hellip;]<\/p>\n","protected":false},"author":2,"featured_media":45016,"comment_status":"open","ping_status":"open","sticky":false,"template":"","format":"standard","meta":{"advanced_seo_description":"","jetpack_seo_html_title":"","jetpack_seo_noindex":false,"_jetpack_memberships_contains_paid_content":false,"footnotes":""},"categories":[74],"tags":[],"class_list":{"0":"post-45015","1":"post","2":"type-post","3":"status-publish","4":"format-standard","5":"has-post-thumbnail","7":"category-setor-portuario"},"jetpack_featured_media_url":"https:\/\/www.paranapraia.com.br\/wp-content\/uploads\/2023\/03\/img_5966-a-scaled.jpg","jetpack_sharing_enabled":true,"_links":{"self":[{"href":"https:\/\/www.paranapraia.com.br\/index.php\/wp-json\/wp\/v2\/posts\/45015"}],"collection":[{"href":"https:\/\/www.paranapraia.com.br\/index.php\/wp-json\/wp\/v2\/posts"}],"about":[{"href":"https:\/\/www.paranapraia.com.br\/index.php\/wp-json\/wp\/v2\/types\/post"}],"author":[{"embeddable":true,"href":"https:\/\/www.paranapraia.com.br\/index.php\/wp-json\/wp\/v2\/users\/2"}],"replies":[{"embeddable":true,"href":"https:\/\/www.paranapraia.com.br\/index.php\/wp-json\/wp\/v2\/comments?post=45015"}],"version-history":[{"count":1,"href":"https:\/\/www.paranapraia.com.br\/index.php\/wp-json\/wp\/v2\/posts\/45015\/revisions"}],"predecessor-version":[{"id":45017,"href":"https:\/\/www.paranapraia.com.br\/index.php\/wp-json\/wp\/v2\/posts\/45015\/revisions\/45017"}],"wp:featuredmedia":[{"embeddable":true,"href":"https:\/\/www.paranapraia.com.br\/index.php\/wp-json\/wp\/v2\/media\/45016"}],"wp:attachment":[{"href":"https:\/\/www.paranapraia.com.br\/index.php\/wp-json\/wp\/v2\/media?parent=45015"}],"wp:term":[{"taxonomy":"category","embeddable":true,"href":"https:\/\/www.paranapraia.com.br\/index.php\/wp-json\/wp\/v2\/categories?post=45015"},{"taxonomy":"post_tag","embeddable":true,"href":"https:\/\/www.paranapraia.com.br\/index.php\/wp-json\/wp\/v2\/tags?post=45015"}],"curies":[{"name":"wp","href":"https:\/\/api.w.org\/{rel}","templated":true}]}}