{"id":45012,"date":"2023-03-28T15:04:26","date_gmt":"2023-03-28T18:04:26","guid":{"rendered":"https:\/\/www.paranapraia.com.br\/?p=45012"},"modified":"2023-03-28T15:04:26","modified_gmt":"2023-03-28T18:04:26","slug":"turismo-no-campo-56-mil-pessoas-participaram-das-caminhadas-na-natureza-em-2022","status":"publish","type":"post","link":"https:\/\/www.paranapraia.com.br\/index.php\/2023\/03\/28\/turismo-no-campo-56-mil-pessoas-participaram-das-caminhadas-na-natureza-em-2022\/","title":{"rendered":"Turismo no campo: 56 mil pessoas participaram das Caminhadas na Natureza em 2022"},"content":{"rendered":"\n<p>O projeto Caminhadas da Natureza, organizado pelo Instituto de Desenvolvimento Rural do Paran\u00e1 \u2013 Iapar-Emater (IDR-Paran\u00e1) em parceria com diversos munic\u00edpios, teve a participa\u00e7\u00e3o de pelo menos 56,6 mil pessoas inscritas, de forma online, em 107 circuitos executados em 2022. Elas proporcionaram renda superior a R$ 1,2 milh\u00e3o a 1.553 fam\u00edlias que t\u00eam propriedades nos roteiros e que oferecem artesanatos, geleias, queijos, doces, almo\u00e7os, caf\u00e9s e outros produtos.<\/p>\n\n\n\n<p>A an\u00e1lise dos n\u00fameros e eventuais melhorias no projeto que nasceu em 2007 s\u00e3o assuntos do 4\u00ba Encontro de Organizadores de Caminhadas da Natureza, iniciado nesta segunda-feira (27) e que se estende at\u00e9 quarta (29), em Pontal do Paran\u00e1, com presen\u00e7a de mais de 100 pessoas.Na abertura do evento, Luzia Bernadete Poloni, Alda Maria de Souza e Eline Scheffer, todas de Curitiba, receberam pr\u00eamios por serem as que mais caminharam em 2022, ultrapassando os 400 quil\u00f4metros cada uma.\u201cA ferramenta Caminhadas na Natureza \u00e9 uma pol\u00edtica p\u00fablica que se prop\u00f5e a levar desenvolvimento para as comunidades rurais, sobretudo da agricultura familiar\u201d, acentuou a coordenadora estadual do projeto, Terezinha Busanello Freire.<\/p>\n\n\n\n<p><div> \u201cEntendemos que \u00e9 esse o papel da pol\u00edtica p\u00fablica, \u00e9 para essas comunidades que esse bra\u00e7o do governo tem que se estender\u201d.As estrat\u00e9gias a serem tra\u00e7adas durante o encontro levam em conta a rela\u00e7\u00e3o que os caminhantes t\u00eam com a natureza e a garantia de renda para os pequenos produtores. <\/div><\/p>\n\n\n\n<p><div>\u201cAcreditamos que o turismo rural \u00e9 uma forma de promover o desenvolvimento econ\u00f4mico nas comunidades locais ao mesmo tempo em que preserva a beleza natural e o patrim\u00f4nio cultural\u201d, disse o especialista em extens\u00e3o rural do IDR-Paran\u00e1 e coordenador do evento no Litoral, Charles Peixoto.<\/div><\/p>\n\n\n\n<p>O secret\u00e1rio estadual da Agricultura e do Abastecimento, Norberto Ortigara, destacou que as caminhadas s\u00e3o importantes para a sa\u00fade do corpo e da mente. \u201cMas tem outra parte relevante, que \u00e9 receber bem, tratar bem, fazer as pessoas agarrarem amor pelo circuito, pelas propriedades rurais, pelo ambiente rural\u201d, afirmou.Por isso, pediu ainda mais profissionalismo na organiza\u00e7\u00e3o de cada circuito e na prepara\u00e7\u00e3o de cada propriedade. \u201cTemos desafios e eles precisam ser encarados e pensados neste encontro, entre eles discutir como melhorar esse tipo de atividade, como melhorar a pol\u00edtica p\u00fablica, como multiplicar isso\u201d, sugeriu o secret\u00e1rio.<\/p>\n\n\n\n<p>No ano passado, os eventos se estenderam por 101 dos 399 munic\u00edpios paranaenses. Al\u00e9m do Caminhadas da Natureza, o Estado desenvolve projetos como Rota do Queijo, Rota da Lavanda, Mulheres do Caf\u00e9, Caminhos da Uva, eventos gastron\u00f4micos e festivais em v\u00e1rias cidades.\u201cS\u00e3o movimentos importantes para a sociedade, para a economia e para as fam\u00edlias. E para os caminhantes \u00e9 prazer, relaxamento, possibilidade de desfrutar de maravilhas e conhecer cada vez mais aquilo que os 17 milh\u00f5es de hectares rurais do Paran\u00e1 podem oferecer\u201d, disse.<\/p>\n\n\n\n<p>CAMPE\u00c3S \u2013 As tr\u00eas campe\u00e3s de quilometragem em Caminhadas da Natureza de 2022 receberam trof\u00e9us e brindes na festividade de abertura do encontro em Pontal do Paran\u00e1. Luzia Bernadete Poloni caminhou 493 quil\u00f4metros, Alda Maria de Souza, 489 km, e Eline Scheffer, 436 km.Eline \u00e9 holandesa, de Kampen, mas chegou com seis meses de idade ao Brasil, quando o pai se mudou para Castro para trabalhar no col\u00e9gio agr\u00edcola. Ali teve seus contatos com o mundo rural. \u201cMuita gente que mora em Curitiba tem um pezinho no interior, ou os pais nasceram no interior e contam hist\u00f3ria da vida no campo, ent\u00e3o chega uma altura da vida em que se come\u00e7a a procurar suas origens\u201d, diz.Foi o que aconteceu com ela. No in\u00edcio, n\u00e3o se tratava nem de caminhada, mas de passeios pelo campo, visita a um restaurante ou caf\u00e9 rural, ou uma ch\u00e1cara onde pudesse passar um dia. Nessas andan\u00e7as foi fazendo amigos. Em 2008, conheceu o projeto Caminhadas da Natureza. \u201cFoi a primeira vez\u201d, lembra. \u201cNo come\u00e7o eram pouqu\u00edssimas no Paran\u00e1, umas tr\u00eas ou quatro no ano\u201d. Nos outros finais de semana, procurava outros grupos de caminhada.A partir de 2010, o projeto decolou e praticamente todo final de semana eram promovidos passeios pelo Estado. \u201cMontamos o grupo P\u00e9 na Estrada com as mesmas pessoas que caminhavam e almo\u00e7avam juntas, e come\u00e7amos a viajar, fretando vans e \u00f4nibus\u201d, conta. Elas iam no dia anterior para percorrer e conhecer o munic\u00edpio e, no domingo, faziam os circuitos.<\/p>\n\n\n\n<p>O entusiasmo era tanto que chegaram a fazer canecas com o mapa do Paran\u00e1, onde assinalavam os locais por onde passavam. A pandemia e a suspens\u00e3o das atividades esfriaram um pouco o \u00e2nimo. N\u00e3o dela e das amigas Lu\u00edza e Alda, que se conheceram no projeto e ultrapassaram os 400 quil\u00f4metros em 2022.\u201cO projeto Caminhadas da Natureza \u00e9 algo que fez a diferen\u00e7a na vida de muitas pessoas\u201d, afirma Eline.<\/p>\n\n\n\n<p> \u201cUma boa parte dos meus amigos de hoje eu conheci nas caminhadas. N\u00e3o \u00e9 apenas caminhar pela quest\u00e3o f\u00edsica. O que mais pega \u00e9 a quest\u00e3o das amizades, do social, que acaba sendo at\u00e9 mais importante que o aspecto f\u00edsico\u201d.<\/p>\n\n\n\n<p>AEN<\/p>\n","protected":false},"excerpt":{"rendered":"<p>O projeto Caminhadas da Natureza, organizado pelo Instituto de Desenvolvimento Rural do Paran\u00e1 \u2013 Iapar-Emater (IDR-Paran\u00e1) em parceria com diversos munic\u00edpios, teve a participa\u00e7\u00e3o de pelo menos 56,6 mil pessoas inscritas, de forma online, em 107 circuitos executados em 2022. Elas proporcionaram renda superior a R$ 1,2 milh\u00e3o a 1.553 fam\u00edlias que t\u00eam propriedades nos [&hellip;]<\/p>\n","protected":false},"author":2,"featured_media":45013,"comment_status":"open","ping_status":"open","sticky":false,"template":"","format":"standard","meta":{"advanced_seo_description":"","jetpack_seo_html_title":"","jetpack_seo_noindex":false,"_jetpack_memberships_contains_paid_content":false,"footnotes":""},"categories":[38],"tags":[],"class_list":{"0":"post-45012","1":"post","2":"type-post","3":"status-publish","4":"format-standard","5":"has-post-thumbnail","7":"category-turismo"},"jetpack_featured_media_url":"https:\/\/www.paranapraia.com.br\/wp-content\/uploads\/2023\/03\/caminhadascapa.jpg","jetpack_sharing_enabled":true,"_links":{"self":[{"href":"https:\/\/www.paranapraia.com.br\/index.php\/wp-json\/wp\/v2\/posts\/45012"}],"collection":[{"href":"https:\/\/www.paranapraia.com.br\/index.php\/wp-json\/wp\/v2\/posts"}],"about":[{"href":"https:\/\/www.paranapraia.com.br\/index.php\/wp-json\/wp\/v2\/types\/post"}],"author":[{"embeddable":true,"href":"https:\/\/www.paranapraia.com.br\/index.php\/wp-json\/wp\/v2\/users\/2"}],"replies":[{"embeddable":true,"href":"https:\/\/www.paranapraia.com.br\/index.php\/wp-json\/wp\/v2\/comments?post=45012"}],"version-history":[{"count":1,"href":"https:\/\/www.paranapraia.com.br\/index.php\/wp-json\/wp\/v2\/posts\/45012\/revisions"}],"predecessor-version":[{"id":45014,"href":"https:\/\/www.paranapraia.com.br\/index.php\/wp-json\/wp\/v2\/posts\/45012\/revisions\/45014"}],"wp:featuredmedia":[{"embeddable":true,"href":"https:\/\/www.paranapraia.com.br\/index.php\/wp-json\/wp\/v2\/media\/45013"}],"wp:attachment":[{"href":"https:\/\/www.paranapraia.com.br\/index.php\/wp-json\/wp\/v2\/media?parent=45012"}],"wp:term":[{"taxonomy":"category","embeddable":true,"href":"https:\/\/www.paranapraia.com.br\/index.php\/wp-json\/wp\/v2\/categories?post=45012"},{"taxonomy":"post_tag","embeddable":true,"href":"https:\/\/www.paranapraia.com.br\/index.php\/wp-json\/wp\/v2\/tags?post=45012"}],"curies":[{"name":"wp","href":"https:\/\/api.w.org\/{rel}","templated":true}]}}