{"id":45003,"date":"2023-03-28T11:35:45","date_gmt":"2023-03-28T14:35:45","guid":{"rendered":"https:\/\/www.paranapraia.com.br\/?p=45003"},"modified":"2023-03-28T11:35:46","modified_gmt":"2023-03-28T14:35:46","slug":"prefeito-de-matinhos-vai-a-capital-para-participar-de-reuniao-da-comesp","status":"publish","type":"post","link":"https:\/\/www.paranapraia.com.br\/index.php\/2023\/03\/28\/prefeito-de-matinhos-vai-a-capital-para-participar-de-reuniao-da-comesp\/","title":{"rendered":"Prefeito de Matinhos vai \u00e0 capital para participar de reuni\u00e3o da COMESP"},"content":{"rendered":"\n<p>O prefeito Z\u00e9 da Ecler participou na semana passada da assembleia geral do COMESP, o Cons\u00f3rcio Metropolitano de Servi\u00e7os do Paran\u00e1, que aconteceu em Curitiba. <\/p>\n\n\n\n<p>Al\u00e9m dele, os outros chefes de Executivo do Litoral paranaense acompanharam a reuni\u00e3o.Uma das pautas do encontro foi o trabalho do COMESP durante a Opera\u00e7\u00e3o Ver\u00e3o Maior 2022\/2023. <\/p>\n\n\n\n<p>Segundo os prefeitos do Litoral que estiveram presentes na reuni\u00e3o, foram prestados servi\u00e7os de excel\u00eancia nos munic\u00edpios da regi\u00e3o durante a temporada.Tamb\u00e9m representando o Litoral, al\u00e9m do prefeito Z\u00e9 da Ecler, tamb\u00e9m participou da assembleia geral do COMESP o prefeito de Guaratuba, Roberto Justus.<\/p>\n\n\n\n<p>Com informa\u00e7\u00f5es e imagem do COMESP<\/p>\n\n\n\n<p>Departamento de Comunica\u00e7\u00e3o<\/p>\n\n\n\n<p>Prefeitura de Matinhos<\/p>\n","protected":false},"excerpt":{"rendered":"<p>O prefeito Z\u00e9 da Ecler participou na semana passada da assembleia geral do COMESP, o Cons\u00f3rcio Metropolitano de Servi\u00e7os do Paran\u00e1, que aconteceu em Curitiba. Al\u00e9m dele, os outros chefes de Executivo do Litoral paranaense acompanharam a reuni\u00e3o.Uma das pautas do encontro foi o trabalho do COMESP durante a Opera\u00e7\u00e3o Ver\u00e3o Maior 2022\/2023. Segundo os [&hellip;]<\/p>\n","protected":false},"author":2,"featured_media":45004,"comment_status":"open","ping_status":"open","sticky":false,"template":"","format":"standard","meta":{"advanced_seo_description":"","jetpack_seo_html_title":"","jetpack_seo_noindex":false,"_jetpack_memberships_contains_paid_content":false,"footnotes":""},"categories":[88],"tags":[],"class_list":{"0":"post-45003","1":"post","2":"type-post","3":"status-publish","4":"format-standard","5":"has-post-thumbnail","7":"category-matinhos"},"jetpack_featured_media_url":"https:\/\/www.paranapraia.com.br\/wp-content\/uploads\/2023\/03\/337287698_241421761593571_8396476290024548324_n.png","jetpack_sharing_enabled":true,"_links":{"self":[{"href":"https:\/\/www.paranapraia.com.br\/index.php\/wp-json\/wp\/v2\/posts\/45003"}],"collection":[{"href":"https:\/\/www.paranapraia.com.br\/index.php\/wp-json\/wp\/v2\/posts"}],"about":[{"href":"https:\/\/www.paranapraia.com.br\/index.php\/wp-json\/wp\/v2\/types\/post"}],"author":[{"embeddable":true,"href":"https:\/\/www.paranapraia.com.br\/index.php\/wp-json\/wp\/v2\/users\/2"}],"replies":[{"embeddable":true,"href":"https:\/\/www.paranapraia.com.br\/index.php\/wp-json\/wp\/v2\/comments?post=45003"}],"version-history":[{"count":1,"href":"https:\/\/www.paranapraia.com.br\/index.php\/wp-json\/wp\/v2\/posts\/45003\/revisions"}],"predecessor-version":[{"id":45005,"href":"https:\/\/www.paranapraia.com.br\/index.php\/wp-json\/wp\/v2\/posts\/45003\/revisions\/45005"}],"wp:featuredmedia":[{"embeddable":true,"href":"https:\/\/www.paranapraia.com.br\/index.php\/wp-json\/wp\/v2\/media\/45004"}],"wp:attachment":[{"href":"https:\/\/www.paranapraia.com.br\/index.php\/wp-json\/wp\/v2\/media?parent=45003"}],"wp:term":[{"taxonomy":"category","embeddable":true,"href":"https:\/\/www.paranapraia.com.br\/index.php\/wp-json\/wp\/v2\/categories?post=45003"},{"taxonomy":"post_tag","embeddable":true,"href":"https:\/\/www.paranapraia.com.br\/index.php\/wp-json\/wp\/v2\/tags?post=45003"}],"curies":[{"name":"wp","href":"https:\/\/api.w.org\/{rel}","templated":true}]}}