{"id":45000,"date":"2023-03-28T11:31:34","date_gmt":"2023-03-28T14:31:34","guid":{"rendered":"https:\/\/www.paranapraia.com.br\/?p=45000"},"modified":"2023-03-28T11:31:34","modified_gmt":"2023-03-28T14:31:34","slug":"ipem-pretende-instalar-novo-posto-de-fiscalizacao-de-caminhoes-tanques-no-parana","status":"publish","type":"post","link":"https:\/\/www.paranapraia.com.br\/index.php\/2023\/03\/28\/ipem-pretende-instalar-novo-posto-de-fiscalizacao-de-caminhoes-tanques-no-parana\/","title":{"rendered":"Ipem pretende instalar novo posto de fiscaliza\u00e7\u00e3o de caminh\u00f5es-tanques no Paran\u00e1"},"content":{"rendered":"\n<p>O Instituto de Pesos e Medidas do Paran\u00e1 (Ipem-PR) apresentou ao Instituto Nacional de Metrologia, Qualidade e Tecnologia (Inmetro) o projeto de um novo posto de fiscaliza\u00e7\u00e3o de caminh\u00f5es-tanques em Arauc\u00e1ria, na Regi\u00e3o Metropolitana de Curitiba. A estrutura mais moderna substituir\u00e1 o atual posto no bairro Atuba, na Capital, que tem limita\u00e7\u00f5es log\u00edsticas pela restri\u00e7\u00e3o de hor\u00e1rio de circula\u00e7\u00e3o de caminh\u00f5es pela Linha Verde, o trecho urbano da BR-476. Caminh\u00f5es acima de 10 toneladas n\u00e3o podem circular pela via das 7h \u00e0s 9h e das 17h \u00e0s 19h de segunda a sexta-feira.<\/p>\n\n\n\n<p>\u201cModernizar o atendimento do Estado ao setor produtivo \u00e9 a premissa do governo Ratinho Junior na busca de desenvolvimento. Esse novo posto vem justamente para acelerar a fiscaliza\u00e7\u00e3o de caminh\u00f5es que transportam n\u00e3o s\u00f3 combust\u00edveis, mas tamb\u00e9m outros produtos\u201d, afirma o secret\u00e1rio estadual de Ind\u00fastria, Com\u00e9rcio e Servi\u00e7os (Seic), a quem o Ipem-PR est\u00e1 vinculado.<\/p>\n\n\n\n<p>Por transportar combust\u00edveis ou outros produtos nocivos, os caminh\u00f5es-tanque devem obrigatoriamente passar por inspe\u00e7\u00e3o para evitar riscos ao meio ambiente, \u00e0 sa\u00fade humana e mesmo ao tr\u00e2nsito nas vias p\u00fablicas. Por isso, devem seguir as regras do Conselho Nacional de Tr\u00e2nsito (Contran), bem como as certifica\u00e7\u00f5es metrol\u00f3gicas regulamentadas pelo Inmetro.<\/p>\n\n\n\n<p>A proposta do novo posto foi debatida pelo presidente do Ipem-PR, C\u00e9sar Mello, com o novo presidente do Inmetro, M\u00e1rcio Andr\u00e9 Oliveira Brito, em uma reuni\u00e3o t\u00e9cnica em Manaus (AM) com todos os institutos estaduais. O encontro, que acontece anualmente, pactua os valores repassados pelo \u00f3rg\u00e3o federal, bem como as formas como esses montantes ser\u00e3o executados pelos IPEMs nos estados.<\/p>\n\n\n\n<p>\u201cAproveitamos o encontro de repactua\u00e7\u00e3o dos valores para solicitar a inclus\u00e3o do novo posto de fiscaliza\u00e7\u00e3o de caminh\u00f5es-tanques no or\u00e7amento desse ano. A meta \u00e9, com uma estrutura mais moderna e sem limita\u00e7\u00e3o de circula\u00e7\u00e3o dos caminh\u00f5es, acelerar essa fiscaliza\u00e7\u00e3o\u201d, justifica Mello.&nbsp;<\/p>\n\n\n\n<p>O presidente explica que pela restri\u00e7\u00e3o de tr\u00e1fego de caminh\u00f5es na Linha Verde, a fila de espera para inspe\u00e7\u00e3o dos caminh\u00f5es chega a seis meses. Com isso, muitas transportadoras paranaenses t\u00eam optado por fazer a inspe\u00e7\u00e3o em outros estados. Com o novo posto, aponta Mello, a situa\u00e7\u00e3o deve se inverter, com o Paran\u00e1 n\u00e3o s\u00f3 zerando a fila de espera, mas tamb\u00e9m absorvendo a demanda de estados vizinhos.&nbsp;<\/p>\n\n\n\n<p>\u201cA expectativa \u00e9 de zerar a fila atual de inspe\u00e7\u00e3o dos caminh\u00f5es-tanques em aproximadamente um m\u00eas e meio a partir do in\u00edcio da opera\u00e7\u00e3o do novo posto em Arauc\u00e1ria. Com a nova estrutura, tamb\u00e9m poderemos atender a demanda dos estados de S\u00e3o Paulo, Santa Catarina e Rio Grande do Sul\u201d, refor\u00e7a.<\/p>\n\n\n\n<p>O novo posto em Arauc\u00e1ria deve ser pr\u00f3ximo \u00e0 Repar, refinaria de petr\u00f3leo da Petrobras que concentra circula\u00e7\u00e3o de caminh\u00f5es de combust\u00edveis, um dos principais setores desse tipo de inspe\u00e7\u00e3o. Al\u00e9m de n\u00e3o ter restri\u00e7\u00e3o em rela\u00e7\u00e3o ao tr\u00e1fego de caminh\u00f5es, a estrutura tamb\u00e9m vai dobrar a capacidade de inspe\u00e7\u00e3o do Ipem-PR. Enquanto que na estrutura atual os t\u00e9cnicos do instituto conseguem fiscalizar simultaneamente dois ve\u00edculos, no posto em Arauc\u00e1ria a capacidade ser\u00e1 de quatro ve\u00edculos fiscalizados ao mesmo tempo.&nbsp;<\/p>\n\n\n\n<p>Pela proposta, o Inmetro refor\u00e7aria o repasse de recursos ao Ipem-PR para custear o aluguel da estrutura, que pertence a uma entidade privada. Toda a opera\u00e7\u00e3o da fiscaliza\u00e7\u00e3o ser\u00e1 executada pelos t\u00e9cnicos do IPEM-PR que j\u00e1 atuam no posto atual no bairro Atuba.<\/p>\n\n\n\n<p>AEN<\/p>\n","protected":false},"excerpt":{"rendered":"<p>O Instituto de Pesos e Medidas do Paran\u00e1 (Ipem-PR) apresentou ao Instituto Nacional de Metrologia, Qualidade e Tecnologia (Inmetro) o projeto de um novo posto de fiscaliza\u00e7\u00e3o de caminh\u00f5es-tanques em Arauc\u00e1ria, na Regi\u00e3o Metropolitana de Curitiba. A estrutura mais moderna substituir\u00e1 o atual posto no bairro Atuba, na Capital, que tem limita\u00e7\u00f5es log\u00edsticas pela restri\u00e7\u00e3o [&hellip;]<\/p>\n","protected":false},"author":2,"featured_media":45001,"comment_status":"open","ping_status":"open","sticky":false,"template":"","format":"standard","meta":{"advanced_seo_description":"","jetpack_seo_html_title":"","jetpack_seo_noindex":false,"_jetpack_memberships_contains_paid_content":false,"footnotes":""},"categories":[35],"tags":[],"class_list":{"0":"post-45000","1":"post","2":"type-post","3":"status-publish","4":"format-standard","5":"has-post-thumbnail","7":"category-economia"},"jetpack_featured_media_url":"https:\/\/www.paranapraia.com.br\/wp-content\/uploads\/2023\/03\/foto_4_0.jpg","jetpack_sharing_enabled":true,"_links":{"self":[{"href":"https:\/\/www.paranapraia.com.br\/index.php\/wp-json\/wp\/v2\/posts\/45000"}],"collection":[{"href":"https:\/\/www.paranapraia.com.br\/index.php\/wp-json\/wp\/v2\/posts"}],"about":[{"href":"https:\/\/www.paranapraia.com.br\/index.php\/wp-json\/wp\/v2\/types\/post"}],"author":[{"embeddable":true,"href":"https:\/\/www.paranapraia.com.br\/index.php\/wp-json\/wp\/v2\/users\/2"}],"replies":[{"embeddable":true,"href":"https:\/\/www.paranapraia.com.br\/index.php\/wp-json\/wp\/v2\/comments?post=45000"}],"version-history":[{"count":1,"href":"https:\/\/www.paranapraia.com.br\/index.php\/wp-json\/wp\/v2\/posts\/45000\/revisions"}],"predecessor-version":[{"id":45002,"href":"https:\/\/www.paranapraia.com.br\/index.php\/wp-json\/wp\/v2\/posts\/45000\/revisions\/45002"}],"wp:featuredmedia":[{"embeddable":true,"href":"https:\/\/www.paranapraia.com.br\/index.php\/wp-json\/wp\/v2\/media\/45001"}],"wp:attachment":[{"href":"https:\/\/www.paranapraia.com.br\/index.php\/wp-json\/wp\/v2\/media?parent=45000"}],"wp:term":[{"taxonomy":"category","embeddable":true,"href":"https:\/\/www.paranapraia.com.br\/index.php\/wp-json\/wp\/v2\/categories?post=45000"},{"taxonomy":"post_tag","embeddable":true,"href":"https:\/\/www.paranapraia.com.br\/index.php\/wp-json\/wp\/v2\/tags?post=45000"}],"curies":[{"name":"wp","href":"https:\/\/api.w.org\/{rel}","templated":true}]}}