{"id":44996,"date":"2023-03-28T11:11:00","date_gmt":"2023-03-28T14:11:00","guid":{"rendered":"https:\/\/www.paranapraia.com.br\/?p=44996"},"modified":"2023-03-28T11:11:01","modified_gmt":"2023-03-28T14:11:01","slug":"campeao-mundial-john-lineker-dara-aulas-gratuitas-de-mma-em-paranagua","status":"publish","type":"post","link":"https:\/\/www.paranapraia.com.br\/index.php\/2023\/03\/28\/campeao-mundial-john-lineker-dara-aulas-gratuitas-de-mma-em-paranagua\/","title":{"rendered":"Campe\u00e3o mundial John Lineker dar\u00e1 aulas gratuitas de MMA em Paranagu\u00e1"},"content":{"rendered":"\n<p>Quem nunca sonhou em treinar com um campe\u00e3o mundial? Essa \u00e9 a oportunidade perfeita para isso. A partir da pr\u00f3xima quarta-feira, 29, o campe\u00e3o mundial, John Lineker, dar\u00e1 in\u00edcio ao seu Projeto Social que tem como objetivo promover aulas gratuitas de MMA para toda popula\u00e7\u00e3o acima dos 11 anos de idade.<\/p>\n\n\n\n<p>Inicialmente as aulas acontecer\u00e3o a partir das 10h, na Arena Albertina Salmon, e conforme demanda, poder\u00e1 contar com novos hor\u00e1rios. O projeto que acontece atrav\u00e9s de parceria entre a Prefeitura de Paranagu\u00e1, Secretaria de Esportes (SESPOR) e o atleta parnanguara, \u00e9 uma forma de agradecimento do campe\u00e3o mundial a toda comunidade parnanguara pela for\u00e7a e apoio que vem sendo dada durante sua trajet\u00f3ria no cen\u00e1rio esportivo.<\/p>\n\n\n\n<p>John Lineker \u00e9 atleta bolsista atrav\u00e9s do programa Bolsa Atleta, da Prefeitura de Paranagu\u00e1 e Secretaria de Esportes (SESPOR) e tamb\u00e9m \u00e9 defensor de uma s\u00e9rie de t\u00edtulos, tendo conquistado o cintur\u00e3o peso-galo do ONE Championship em 2022, al\u00e9m de ser grande refer\u00eancia e ser reconhecido mundialmente.<\/p>\n\n\n\n<p>Para o prefeito de Paranagu\u00e1, Marcelo Roque, garantir aos jovens e crian\u00e7as parnanguaras a oportunidade de treinar com um campe\u00e3o mundial vai muito al\u00e9m do esporte.<\/p>\n\n\n\n<figure class=\"wp-block-image size-large\"><img loading=\"lazy\" decoding=\"async\" width=\"750\" height=\"450\" src=\"https:\/\/www.paranapraia.com.br\/wp-content\/uploads\/2023\/03\/thumb-2.jpg\" alt=\"\" class=\"wp-image-44998\" srcset=\"https:\/\/www.paranapraia.com.br\/wp-content\/uploads\/2023\/03\/thumb-2.jpg 750w, https:\/\/www.paranapraia.com.br\/wp-content\/uploads\/2023\/03\/thumb-2-300x180.jpg 300w, https:\/\/www.paranapraia.com.br\/wp-content\/uploads\/2023\/03\/thumb-2-696x418.jpg 696w, https:\/\/www.paranapraia.com.br\/wp-content\/uploads\/2023\/03\/thumb-2-700x420.jpg 700w\" sizes=\"(max-width: 750px) 100vw, 750px\" \/><\/figure>\n\n\n\n<p>\u201cFicamos muito felizes com esse projeto, pois ele vai muito al\u00e9m do esporte, afinal, estamos falando de uma verdadeira inspira\u00e7\u00e3o. Durante as aulas, sabemos que nossos parnanguaras v\u00e3o aprender muito sobre o esporte, mas tamb\u00e9m v\u00e3o receber ensinamentos muito valiosos, que sem d\u00favidas v\u00e3o ser levados para a vida. Por isso convido a todos para participar\u201d, destacou o prefeito.<\/p>\n\n\n\n<p>Tendo em vista o sonho de jovens e crian\u00e7as em ingressar no esporte, John Lineker destacou sua felicidade em dar in\u00edcio ao projeto.<\/p>\n\n\n\n<p>\u201cEstou muito feliz e animado em colocar esse projeto social em pr\u00e1tica, minhas expectativas s\u00e3o as melhores poss\u00edveis e espero poder repassar os conhecimentos que adquiri durante toda minha vida no esporte para os jovens. Vai ser uma experi\u00eancia \u00fanica e muito importante para mim\u201d, finalizou o atleta<\/p>\n\n\n\n<p>O secret\u00e1rio de Esportes, Helton Ambr\u00f3sio, exaltou a import\u00e2ncia de projetos sociais como este para a popula\u00e7\u00e3o parnanguara.<\/p>\n\n\n\n<p>\u201cJohn \u00e9 refer\u00eancia no mundo do esporte e quando n\u00f3s sentamos para falar sobre o projeto, pensamos na infinidade de possibilidades que vamos obter com a realiza\u00e7\u00e3o. A ideia principal \u00e9 garantir que nossa popula\u00e7\u00e3o tenha oportunidade de treinar e aprender com um campe\u00e3o mundial, mas n\u00e3o descartamos a possibilidade de descobrir grandes atletas durante os treinos. Paranagu\u00e1 \u00e9 um celeiro de atletas e \u00e9 por isso que acreditamos que podemos ir muito longe\u201d, finalizou o secret\u00e1rio.<\/p>\n\n\n\n<p>As aulas s\u00e3o totalmente gratuitas, acontecer\u00e3o na Arena Albertina Salmon a partir das 10h e ter\u00e3o in\u00edcio na pr\u00f3xima quarta-feira, 29, atendendo ao p\u00fablico a partir dos 11 anos de idade. As inscri\u00e7\u00f5es podem ser feitas diretamente no local e d\u00favidas podem ser sanadas atrav\u00e9s do Al\u00f4 SESPOR (41) 98465-6770 (Whatsapp &#8211; Apenas mensagens).<\/p>\n\n\n\n<p>Assessoria<\/p>\n","protected":false},"excerpt":{"rendered":"<p>Quem nunca sonhou em treinar com um campe\u00e3o mundial? Essa \u00e9 a oportunidade perfeita para isso. A partir da pr\u00f3xima quarta-feira, 29, o campe\u00e3o mundial, John Lineker, dar\u00e1 in\u00edcio ao seu Projeto Social que tem como objetivo promover aulas gratuitas de MMA para toda popula\u00e7\u00e3o acima dos 11 anos de idade. Inicialmente as aulas acontecer\u00e3o [&hellip;]<\/p>\n","protected":false},"author":2,"featured_media":44997,"comment_status":"open","ping_status":"open","sticky":false,"template":"","format":"standard","meta":{"advanced_seo_description":"","jetpack_seo_html_title":"","jetpack_seo_noindex":false,"_jetpack_memberships_contains_paid_content":false,"footnotes":""},"categories":[40],"tags":[],"class_list":{"0":"post-44996","1":"post","2":"type-post","3":"status-publish","4":"format-standard","5":"has-post-thumbnail","7":"category-destaques"},"jetpack_featured_media_url":"https:\/\/www.paranapraia.com.br\/wp-content\/uploads\/2023\/03\/WhatsApp-Image-2023-03-28-at-11.08.07.jpeg","jetpack_sharing_enabled":true,"_links":{"self":[{"href":"https:\/\/www.paranapraia.com.br\/index.php\/wp-json\/wp\/v2\/posts\/44996"}],"collection":[{"href":"https:\/\/www.paranapraia.com.br\/index.php\/wp-json\/wp\/v2\/posts"}],"about":[{"href":"https:\/\/www.paranapraia.com.br\/index.php\/wp-json\/wp\/v2\/types\/post"}],"author":[{"embeddable":true,"href":"https:\/\/www.paranapraia.com.br\/index.php\/wp-json\/wp\/v2\/users\/2"}],"replies":[{"embeddable":true,"href":"https:\/\/www.paranapraia.com.br\/index.php\/wp-json\/wp\/v2\/comments?post=44996"}],"version-history":[{"count":1,"href":"https:\/\/www.paranapraia.com.br\/index.php\/wp-json\/wp\/v2\/posts\/44996\/revisions"}],"predecessor-version":[{"id":44999,"href":"https:\/\/www.paranapraia.com.br\/index.php\/wp-json\/wp\/v2\/posts\/44996\/revisions\/44999"}],"wp:featuredmedia":[{"embeddable":true,"href":"https:\/\/www.paranapraia.com.br\/index.php\/wp-json\/wp\/v2\/media\/44997"}],"wp:attachment":[{"href":"https:\/\/www.paranapraia.com.br\/index.php\/wp-json\/wp\/v2\/media?parent=44996"}],"wp:term":[{"taxonomy":"category","embeddable":true,"href":"https:\/\/www.paranapraia.com.br\/index.php\/wp-json\/wp\/v2\/categories?post=44996"},{"taxonomy":"post_tag","embeddable":true,"href":"https:\/\/www.paranapraia.com.br\/index.php\/wp-json\/wp\/v2\/tags?post=44996"}],"curies":[{"name":"wp","href":"https:\/\/api.w.org\/{rel}","templated":true}]}}