{"id":44993,"date":"2023-03-28T10:50:33","date_gmt":"2023-03-28T13:50:33","guid":{"rendered":"https:\/\/www.paranapraia.com.br\/?p=44993"},"modified":"2023-03-28T10:50:33","modified_gmt":"2023-03-28T13:50:33","slug":"webinar-vai-discutir-avancos-e-melhorias-na-politica-de-inclusao-da-pessoa-com-autismo","status":"publish","type":"post","link":"https:\/\/www.paranapraia.com.br\/index.php\/2023\/03\/28\/webinar-vai-discutir-avancos-e-melhorias-na-politica-de-inclusao-da-pessoa-com-autismo\/","title":{"rendered":"Webinar vai discutir avan\u00e7os e melhorias na pol\u00edtica de inclus\u00e3o da pessoa com autismo"},"content":{"rendered":"\n<p>Para marcar o \u201cAbril Azul\u201d, m\u00eas do autismo, a Secretaria estadual do Desenvolvimento Social e Fam\u00edlia promove no pr\u00f3ximo dia 4 (quarta-feira) o webinar Inclus\u00e3o da Pessoa com Autismo no Estado do Paran\u00e1 \u2013 Possibilidades e Desafios. O evento tem o apoio da Coordena\u00e7\u00e3o da Pol\u00edtica Estadual dos Direitos da Pessoa com Defici\u00eancia e Escola de Gest\u00e3o.<\/p>\n\n\n\n<p>O webinar ser\u00e1 no modelo h\u00edbrido e ocorre presencialmente no audit\u00f3rio do Minist\u00e9rio P\u00fablico do Paran\u00e1. Inscri\u00e7\u00f5es por este link.Participam do encontro especialistas no tema, que discutir\u00e3o assuntos importantes para os avan\u00e7os na inclus\u00e3o da pessoa com autismo nas pol\u00edticas p\u00fablicas no Paran\u00e1.<\/p>\n\n\n\n<p>Confira a programa\u00e7\u00e3o:<\/p>\n\n\n\n<p><div>14h \u2013 Abertura \u2013 Secretaria de Estado do Desenvolvimento Social e Fam\u00edlia\u2013 Secret\u00e1rio de Estado do Desenvolvimento Social e Fam\u00edlia Rog\u00e9rio Carboni\u2013 Diretor de Pol\u00edticas P\u00fablicas para a Fam\u00edlia \u2013 Secretaria de Estado de Desenvolvimento Social e Fam\u00edlia &#8211; Ronaldo Olmo14h15 \u2013 Mesa-Redonda: Inclus\u00e3o da Pessoa com Autismo no Estado do Paran\u00e1 \u2013 Possibilidades e Desafios. Abertura com Maria de F\u00e1tima Joaquim Minetto14h30 \u2013 Representante do Minist\u00e9rio P\u00fablico do Paran\u00e1 \u2013 Luciana Linero14h45 \u2013 Representante da Secretaria de Estado da Sa\u00fade &#8211; Aline Jarschel de Oliveira15h \u2013 Representantes da Secretaria de Estado da Educa\u00e7\u00e3o &#8211; Professora Ma\u00edra de Oliveira e Claudia Camargo Saldanha15h15 \u2013 Representante da Secretaria de Estado do Desenvolvimento Social e Fam\u00edlia (CPCD) \u2013 Felipe Braga Cortes15h45 \u2013 Onda-Autismos: F\u00e1bio Cordeiro16h \u2013 Centro de Diagn\u00f3stico e Interven\u00e7\u00e3o do Neuro Desenvolvimento &#8211; CEDIN: Amanda Bueno16h15 \u2013 Instituto Ico Project &#8211; Elyse Matos16h30 \u2013 Intera\u00e7\u00e3o dos participantes presencial e online com rela\u00e7\u00e3o aos temas tratados<\/div> <\/p>\n\n\n\n<p>AEN<\/p>\n","protected":false},"excerpt":{"rendered":"<p>Para marcar o \u201cAbril Azul\u201d, m\u00eas do autismo, a Secretaria estadual do Desenvolvimento Social e Fam\u00edlia promove no pr\u00f3ximo dia 4 (quarta-feira) o webinar Inclus\u00e3o da Pessoa com Autismo no Estado do Paran\u00e1 \u2013 Possibilidades e Desafios. O evento tem o apoio da Coordena\u00e7\u00e3o da Pol\u00edtica Estadual dos Direitos da Pessoa com Defici\u00eancia e Escola [&hellip;]<\/p>\n","protected":false},"author":2,"featured_media":44994,"comment_status":"open","ping_status":"open","sticky":false,"template":"","format":"standard","meta":{"advanced_seo_description":"","jetpack_seo_html_title":"","jetpack_seo_noindex":false,"_jetpack_memberships_contains_paid_content":false,"footnotes":""},"categories":[50],"tags":[],"class_list":{"0":"post-44993","1":"post","2":"type-post","3":"status-publish","4":"format-standard","5":"has-post-thumbnail","7":"category-saude"},"jetpack_featured_media_url":"https:\/\/www.paranapraia.com.br\/wp-content\/uploads\/2023\/03\/palacio_iguacu014-scaled.jpg","jetpack_sharing_enabled":true,"_links":{"self":[{"href":"https:\/\/www.paranapraia.com.br\/index.php\/wp-json\/wp\/v2\/posts\/44993"}],"collection":[{"href":"https:\/\/www.paranapraia.com.br\/index.php\/wp-json\/wp\/v2\/posts"}],"about":[{"href":"https:\/\/www.paranapraia.com.br\/index.php\/wp-json\/wp\/v2\/types\/post"}],"author":[{"embeddable":true,"href":"https:\/\/www.paranapraia.com.br\/index.php\/wp-json\/wp\/v2\/users\/2"}],"replies":[{"embeddable":true,"href":"https:\/\/www.paranapraia.com.br\/index.php\/wp-json\/wp\/v2\/comments?post=44993"}],"version-history":[{"count":1,"href":"https:\/\/www.paranapraia.com.br\/index.php\/wp-json\/wp\/v2\/posts\/44993\/revisions"}],"predecessor-version":[{"id":44995,"href":"https:\/\/www.paranapraia.com.br\/index.php\/wp-json\/wp\/v2\/posts\/44993\/revisions\/44995"}],"wp:featuredmedia":[{"embeddable":true,"href":"https:\/\/www.paranapraia.com.br\/index.php\/wp-json\/wp\/v2\/media\/44994"}],"wp:attachment":[{"href":"https:\/\/www.paranapraia.com.br\/index.php\/wp-json\/wp\/v2\/media?parent=44993"}],"wp:term":[{"taxonomy":"category","embeddable":true,"href":"https:\/\/www.paranapraia.com.br\/index.php\/wp-json\/wp\/v2\/categories?post=44993"},{"taxonomy":"post_tag","embeddable":true,"href":"https:\/\/www.paranapraia.com.br\/index.php\/wp-json\/wp\/v2\/tags?post=44993"}],"curies":[{"name":"wp","href":"https:\/\/api.w.org\/{rel}","templated":true}]}}