{"id":44986,"date":"2023-03-27T20:09:23","date_gmt":"2023-03-27T23:09:23","guid":{"rendered":"https:\/\/www.paranapraia.com.br\/?p=44986"},"modified":"2023-03-27T20:09:24","modified_gmt":"2023-03-27T23:09:24","slug":"programa-mae-pontalense-sera-lancado-nesta-terca-feira-28","status":"publish","type":"post","link":"https:\/\/www.paranapraia.com.br\/index.php\/2023\/03\/27\/programa-mae-pontalense-sera-lancado-nesta-terca-feira-28\/","title":{"rendered":"Programa &#8220;M\u00e3e Pontalense&#8221; ser\u00e1 lan\u00e7ado nesta ter\u00e7a-feira (28)"},"content":{"rendered":"\n<p>Uma parceria da Secretaria Municipal de Assist\u00eancia Social, a Secretaria Municipal de Sa\u00fade e o Provopar (Programa do Voluntariado Paranaense) de Pontal do Paran\u00e1 lan\u00e7a amanh\u00e3 (28) o Programa M\u00e3e Pontalense, na Casa da Cultura no Balne\u00e1rio Primavera.<\/p>\n\n\n\n<p>O acompanhamento pr\u00e9-natal \u00e9 fundamental para assegurar o desenvolvimento da gesta\u00e7\u00e3o, permitindo o parto de um rec\u00e9m-nascido saud\u00e1vel, sem impacto para a sa\u00fade materna, inclusive abordando aspectos psicossociais, atividades educativas e preventivas.A Linha de Cuidado Materno Infantil do estado do Paran\u00e1 \u00e9 um conjunto de a\u00e7\u00f5es que visa garantir o acesso e a aten\u00e7\u00e3o integral e de qualidade \u00e0s mulheres em seu per\u00edodo de gravidez, acompanhando \u00e0s crian\u00e7as at\u00e9 2 anos de vida, na Rede de Aten\u00e7\u00e3o \u00e0 Sa\u00fade.<\/p>\n\n\n\n<p>O compromisso \u00e9 com o desenvolvimento de a\u00e7\u00f5es que fortale\u00e7am todos os pontos de aten\u00e7\u00e3o, desde a APS &#8211; Aten\u00e7\u00e3o Prim\u00e1ria \u00e0 Sa\u00fade, at\u00e9 a AAE &#8211; Aten\u00e7\u00e3o Ambulatorial Especializada e a AH &#8211; Aten\u00e7\u00e3o Hospitalar.O objetivo do programa \u00e9 proporcionar uma aten\u00e7\u00e3o integral, humanizada e qualificada \u00e0 gestante durante o pr\u00e9-natal, parto, p\u00f3s-parto e o nascimento da crian\u00e7a, incentivando o aleitamento materno e h\u00e1bitos alimentares saud\u00e1veis, fortalecendo os v\u00ednculos afetivos e familiares, prevenindo riscos sociais e viola\u00e7\u00f5es de direitos.<\/p>\n\n\n\n<p>Ser\u00e3o realizados encontros com palestras, din\u00e2micas e oficinas, com foco na promo\u00e7\u00e3o e preven\u00e7\u00e3o em sa\u00fade e no fortalecimento da prote\u00e7\u00e3o social.<\/p>\n\n\n\n<p>ONDE E QUANDO?<\/p>\n\n\n\n<p>28\/03\/23 \u2013 Das 14h30 \u00e0s 16hNa Casa da Cultura \u2013 Av. Tom Jobim, 902 \u2013 Balne\u00e1rio Primavera.<\/p>\n\n\n\n<p>Assessoria<\/p>\n","protected":false},"excerpt":{"rendered":"<p>Uma parceria da Secretaria Municipal de Assist\u00eancia Social, a Secretaria Municipal de Sa\u00fade e o Provopar (Programa do Voluntariado Paranaense) de Pontal do Paran\u00e1 lan\u00e7a amanh\u00e3 (28) o Programa M\u00e3e Pontalense, na Casa da Cultura no Balne\u00e1rio Primavera. O acompanhamento pr\u00e9-natal \u00e9 fundamental para assegurar o desenvolvimento da gesta\u00e7\u00e3o, permitindo o parto de um rec\u00e9m-nascido [&hellip;]<\/p>\n","protected":false},"author":2,"featured_media":44987,"comment_status":"open","ping_status":"open","sticky":false,"template":"","format":"standard","meta":{"advanced_seo_description":"","jetpack_seo_html_title":"","jetpack_seo_noindex":false,"_jetpack_memberships_contains_paid_content":false,"footnotes":""},"categories":[40],"tags":[],"class_list":{"0":"post-44986","1":"post","2":"type-post","3":"status-publish","4":"format-standard","5":"has-post-thumbnail","7":"category-destaques"},"jetpack_featured_media_url":"https:\/\/www.paranapraia.com.br\/wp-content\/uploads\/2023\/03\/Design-sem-nome-55.png","jetpack_sharing_enabled":true,"_links":{"self":[{"href":"https:\/\/www.paranapraia.com.br\/index.php\/wp-json\/wp\/v2\/posts\/44986"}],"collection":[{"href":"https:\/\/www.paranapraia.com.br\/index.php\/wp-json\/wp\/v2\/posts"}],"about":[{"href":"https:\/\/www.paranapraia.com.br\/index.php\/wp-json\/wp\/v2\/types\/post"}],"author":[{"embeddable":true,"href":"https:\/\/www.paranapraia.com.br\/index.php\/wp-json\/wp\/v2\/users\/2"}],"replies":[{"embeddable":true,"href":"https:\/\/www.paranapraia.com.br\/index.php\/wp-json\/wp\/v2\/comments?post=44986"}],"version-history":[{"count":1,"href":"https:\/\/www.paranapraia.com.br\/index.php\/wp-json\/wp\/v2\/posts\/44986\/revisions"}],"predecessor-version":[{"id":44988,"href":"https:\/\/www.paranapraia.com.br\/index.php\/wp-json\/wp\/v2\/posts\/44986\/revisions\/44988"}],"wp:featuredmedia":[{"embeddable":true,"href":"https:\/\/www.paranapraia.com.br\/index.php\/wp-json\/wp\/v2\/media\/44987"}],"wp:attachment":[{"href":"https:\/\/www.paranapraia.com.br\/index.php\/wp-json\/wp\/v2\/media?parent=44986"}],"wp:term":[{"taxonomy":"category","embeddable":true,"href":"https:\/\/www.paranapraia.com.br\/index.php\/wp-json\/wp\/v2\/categories?post=44986"},{"taxonomy":"post_tag","embeddable":true,"href":"https:\/\/www.paranapraia.com.br\/index.php\/wp-json\/wp\/v2\/tags?post=44986"}],"curies":[{"name":"wp","href":"https:\/\/api.w.org\/{rel}","templated":true}]}}