{"id":44841,"date":"2023-03-21T09:41:31","date_gmt":"2023-03-21T12:41:31","guid":{"rendered":"https:\/\/www.paranapraia.com.br\/?p=44841"},"modified":"2023-03-21T09:41:32","modified_gmt":"2023-03-21T12:41:32","slug":"estatua-de-uma-cabra-preta-chifruda-causa-terror-entre-vizinhos-e-viraliza-nas-redes-sociais","status":"publish","type":"post","link":"https:\/\/www.paranapraia.com.br\/index.php\/2023\/03\/21\/estatua-de-uma-cabra-preta-chifruda-causa-terror-entre-vizinhos-e-viraliza-nas-redes-sociais\/","title":{"rendered":"Est\u00e1tua de uma cabra preta chifruda causa terror entre vizinhos e viraliza nas redes sociais"},"content":{"rendered":"\n<p>Com quase 2 m de altura, a imagem foi colocada na fachada da casa protegida por uma caixa de vidro. <\/p>\n\n\n\n<p>A est\u00e1tua fica na fachada da casa em Alvorada (RS) e chama a aten\u00e7\u00e3o de quem passa pela rua. A est\u00e1tua fica na fachada da casa em Alvorada (RS) e chama a aten\u00e7\u00e3o de quem passa pela rua.<\/p>\n\n\n\n<p>Uma est\u00e1tua de uma cabra preta e chifruda sentada em um trono colocada na fachada de uma casa em Alvorada (RS) tem causado medo e espanto entre os vizinhos. A imagem foi postada no Twitter pelo m\u00fasico Ivan Almeida e viralizou na internet, com quase 3 milh\u00f5es de visualiza\u00e7\u00f5es. <\/p>\n\n\n\n<p><div>&#8220;Vizinho novo chegou causando no bairro&#8221;, disse ele.A imagem fica em uma caixa de vidro logo acima do muro da casa. &#8220;Essa cabra preta, sentada em um trono, cheia de pentagrama e medindo uns 2 metros, tocou o terror no bairro&#8221;, postou Ivan em um coment\u00e1rio. <\/div><\/p>\n\n\n\n<p><div>&#8220;Os veio conservador e as crian\u00e7as do bairro, j\u00e1 t\u00e3o cheios de hist\u00f3rias sobre a casa e essa fam\u00edlia&#8221;, disse em resposta a um seguidor.Muitos internautas aprovaram a decora\u00e7\u00e3o ex\u00f3tica da fachada, apostando em seu car\u00e1ter funcional. &#8220;Duvido a galera entrar a\u00ed pra roubar&#8221;, escreveu um homem. <\/div><\/p>\n\n\n\n<p><div>&#8220;c\u00e1 pra n\u00f3s parece um sistema de seguran\u00e7a mto eficaz&#8221;, destacou uma mulher. &#8220;bom que j\u00e1 evita tanto aborrecimento na campainha&#8221;, ironizou outro.Alguns esperam os pr\u00f3ximos cap\u00edtulos da hist\u00f3ria da est\u00e1tua pol\u00eamica em Alvorada. &#8220;Eu quero acompanhar os desdobramentos&#8221;, falou uma mo\u00e7a.<\/div><\/p>\n\n\n\n<p><div> &#8220;Desperdi\u00e7o de dinheiro [sic]. N\u00e3o dou uma semana pra jogarem pedra e quebrarem o vidro. Vai ser todo m\u00eas tendo que trocar o vidro do neg\u00f3cio&#8221;, destacou um internauta.<\/div><\/p>\n\n\n\n<p><div>Fonte Globo.Plant\u00e3o Jr.Not\u00edcias, informa\u00e7\u00e3o 24h.<\/div><\/p>\n\n\n\n<p><\/p>\n","protected":false},"excerpt":{"rendered":"<p>Com quase 2 m de altura, a imagem foi colocada na fachada da casa protegida por uma caixa de vidro. A est\u00e1tua fica na fachada da casa em Alvorada (RS) e chama a aten\u00e7\u00e3o de quem passa pela rua. A est\u00e1tua fica na fachada da casa em Alvorada (RS) e chama a aten\u00e7\u00e3o de quem [&hellip;]<\/p>\n","protected":false},"author":2,"featured_media":44842,"comment_status":"open","ping_status":"open","sticky":false,"template":"","format":"standard","meta":{"advanced_seo_description":"","jetpack_seo_html_title":"","jetpack_seo_noindex":false,"_jetpack_memberships_contains_paid_content":false,"footnotes":""},"categories":[1],"tags":[],"class_list":{"0":"post-44841","1":"post","2":"type-post","3":"status-publish","4":"format-standard","5":"has-post-thumbnail","7":"category-sem-categoria"},"jetpack_featured_media_url":"https:\/\/www.paranapraia.com.br\/wp-content\/uploads\/2023\/03\/FB_IMG_1679402468468.jpg","jetpack_sharing_enabled":true,"_links":{"self":[{"href":"https:\/\/www.paranapraia.com.br\/index.php\/wp-json\/wp\/v2\/posts\/44841"}],"collection":[{"href":"https:\/\/www.paranapraia.com.br\/index.php\/wp-json\/wp\/v2\/posts"}],"about":[{"href":"https:\/\/www.paranapraia.com.br\/index.php\/wp-json\/wp\/v2\/types\/post"}],"author":[{"embeddable":true,"href":"https:\/\/www.paranapraia.com.br\/index.php\/wp-json\/wp\/v2\/users\/2"}],"replies":[{"embeddable":true,"href":"https:\/\/www.paranapraia.com.br\/index.php\/wp-json\/wp\/v2\/comments?post=44841"}],"version-history":[{"count":1,"href":"https:\/\/www.paranapraia.com.br\/index.php\/wp-json\/wp\/v2\/posts\/44841\/revisions"}],"predecessor-version":[{"id":44843,"href":"https:\/\/www.paranapraia.com.br\/index.php\/wp-json\/wp\/v2\/posts\/44841\/revisions\/44843"}],"wp:featuredmedia":[{"embeddable":true,"href":"https:\/\/www.paranapraia.com.br\/index.php\/wp-json\/wp\/v2\/media\/44842"}],"wp:attachment":[{"href":"https:\/\/www.paranapraia.com.br\/index.php\/wp-json\/wp\/v2\/media?parent=44841"}],"wp:term":[{"taxonomy":"category","embeddable":true,"href":"https:\/\/www.paranapraia.com.br\/index.php\/wp-json\/wp\/v2\/categories?post=44841"},{"taxonomy":"post_tag","embeddable":true,"href":"https:\/\/www.paranapraia.com.br\/index.php\/wp-json\/wp\/v2\/tags?post=44841"}],"curies":[{"name":"wp","href":"https:\/\/api.w.org\/{rel}","templated":true}]}}