{"id":44838,"date":"2023-03-21T09:08:03","date_gmt":"2023-03-21T12:08:03","guid":{"rendered":"https:\/\/www.paranapraia.com.br\/?p=44838"},"modified":"2023-03-21T09:08:03","modified_gmt":"2023-03-21T12:08:03","slug":"secretaria-da-saude-inicia-distribuicao-da-vacina-contra-a-mpox","status":"publish","type":"post","link":"https:\/\/www.paranapraia.com.br\/index.php\/2023\/03\/21\/secretaria-da-saude-inicia-distribuicao-da-vacina-contra-a-mpox\/","title":{"rendered":"Secretaria da Sa\u00fade inicia distribui\u00e7\u00e3o da vacina contra a Mpox"},"content":{"rendered":"\n<p>A Secretaria de Estado da Sa\u00fade (Sesa) come\u00e7a nesta ter\u00e7a-feira (21) a distribui\u00e7\u00e3o da vacina contra a Mpox. Os munic\u00edpios preconizados para receber as doses s\u00e3o aqueles com o maior n\u00famero de casos notificados e confirmados da doen\u00e7a e com o maior n\u00famero de portadores de HIV\/Aids (PVHA), dentro de um crit\u00e9rio imunol\u00f3gico determinado pelo Minist\u00e9rio da Sa\u00fade.<\/p>\n\n\n\n<p>De acordo com o Programa Nacional de Imuniza\u00e7\u00e3o (PNI) seguindo a orienta\u00e7\u00e3o da Organiza\u00e7\u00e3o Mundial de Sa\u00fade (OMS), tamb\u00e9m fazem parte dos grupos priorit\u00e1rios e poder\u00e3o ser imunizados os profissionais de laborat\u00f3rio entre 18 e 49 anos e aquelas pessoas que tiveram contato direto com flu\u00eddos e secre\u00e7\u00f5es corporais de casos suspeitos e confirmados de Mpox.\u201cMesmo com a queda no n\u00famero de casos confirmados, a Sesa recomenda a vacina\u00e7\u00e3o para o p\u00fablico mais exposto. <\/p>\n\n\n\n<p>A vacina \u00e9 eficaz, segura e previne as formas mais graves da doen\u00e7a evitando internamentos e poss\u00edveis mortes. Este \u00e9 mais um refor\u00e7o para o fortalecimento do PNI e o Sistema \u00danico de Sa\u00fade (SUS)\u201d, afirma o secret\u00e1rio de Estado da Sa\u00fade, C\u00e9sar Neves.A imuniza\u00e7\u00e3o ser\u00e1 em duas etapas com intervalo de quatro semanas entre a primeira e a segunda doses.<\/p>\n\n\n\n<p><div> \u201c\u00c9 muito importante que o p\u00fablico de risco compare\u00e7a para realizar o ciclo completo da imuniza\u00e7\u00e3o. Cabe ressaltar que a vacina\u00e7\u00e3o n\u00e3o deve substituir as demais medidas de prote\u00e7\u00e3o individuais j\u00e1 conhecidas\u201d, explica a chefe da Divis\u00e3o de Vigil\u00e2ncia do Programa de Imuniza\u00e7\u00e3o da Sesa, Virginia Dobkowski Franco dos Santos.<\/div><\/p>\n\n\n\n<p>DISTRIBUI\u00c7\u00c3O \u2013 Conforme crit\u00e9rios estabelecidos pelo MS, das 981 doses recebidas, 424 imunizantes ser\u00e3o dispensados aos munic\u00edpios preconizados para D1; outros 79 ficar\u00e3o de reserva t\u00e9cnica no Centro de Medicamentos do Paran\u00e1 (Cemepar). As 424 doses restantes para D2 (50%) ser\u00e3o enviadas aos munic\u00edpios em tempo oportuno.<\/p>\n\n\n\n<p>Curitiba, por apresentar o maior n\u00famero de casos confirmados de Mpox nas \u00faltimas 12 semanas, receber\u00e1 um adicional de 28 doses (D1 e D2) para vacina\u00e7\u00e3o de contatos de casos suspeitos e confirmados. Por fim, 26 doses (D1 e D2) ser\u00e3o direcionadas para a imuniza\u00e7\u00e3o dos profissionais do Laborat\u00f3rio Central do Estado (Lacen).<\/p>\n\n\n\n<p>CONTRAINDICA\u00c7\u00d5ES \u2013 De acordo com o Minist\u00e9rio da Sa\u00fade, o uso do imunizante \u00e9 contraindicado para pessoas que apresentem ou possuam hist\u00f3rico de rea\u00e7\u00e3o al\u00e9rgica grave ap\u00f3s a aplica\u00e7\u00e3o de uma dose pr\u00e9via. Tamb\u00e9m n\u00e3o \u00e9 recomendada a administra\u00e7\u00e3o simult\u00e2nea deste imunizante com outras vacinas, devendo haver 30 dias de intervalo.<\/p>\n\n\n\n<p>No momento da aplica\u00e7\u00e3o da vacina \u00e9 necess\u00e1ria a supervis\u00e3o de pessoas que tenham hist\u00f3rico de rea\u00e7\u00e3o al\u00e9rgica grave ap\u00f3s o uso de gentamicina, ciprofloxacino ou prote\u00edna do ovo de galinhas.<\/p>\n\n\n\n<p>Para gestantes e lactantes a vacina\u00e7\u00e3o \u00e9 considerada segura. Pessoas que apresentem quadros febris leves como resfriados tamb\u00e9m poder\u00e3o ser vacinadas. J\u00e1 em casos de doen\u00e7as febris agudas, \u00e9 necess\u00e1rio aguardar a recupera\u00e7\u00e3o dos sintomas antes da vacina\u00e7\u00e3o.<\/p>\n\n\n\n<p>SINTOMAS \u2013 A Mpox \u00e9 uma doen\u00e7a viral e a transmiss\u00e3o entre humanos ocorre principalmente por meio de contato com les\u00f5es de pele de pessoas infectadas. A infec\u00e7\u00e3o causa erup\u00e7\u00f5es que geralmente se desenvolvem pelo rosto e depois se espalham para outras partes do corpo.<\/p>\n\n\n\n<p>Os principais sintomas s\u00e3o febre, dor de cabe\u00e7a, dores musculares, dores nas costas, aumento dos g\u00e2nglios linf\u00e1ticos, calafrios e fadiga. Ao todo, o Estado soma 301 casos positivos da doen\u00e7a, sendo 286 confirma\u00e7\u00f5es no p\u00fablico masculino e 15 resultados positivos em mulheres.<\/p>\n","protected":false},"excerpt":{"rendered":"<p>A Secretaria de Estado da Sa\u00fade (Sesa) come\u00e7a nesta ter\u00e7a-feira (21) a distribui\u00e7\u00e3o da vacina contra a Mpox. Os munic\u00edpios preconizados para receber as doses s\u00e3o aqueles com o maior n\u00famero de casos notificados e confirmados da doen\u00e7a e com o maior n\u00famero de portadores de HIV\/Aids (PVHA), dentro de um crit\u00e9rio imunol\u00f3gico determinado pelo [&hellip;]<\/p>\n","protected":false},"author":2,"featured_media":44839,"comment_status":"open","ping_status":"open","sticky":false,"template":"","format":"standard","meta":{"advanced_seo_description":"","jetpack_seo_html_title":"","jetpack_seo_noindex":false,"_jetpack_memberships_contains_paid_content":false,"footnotes":""},"categories":[50],"tags":[],"class_list":{"0":"post-44838","1":"post","2":"type-post","3":"status-publish","4":"format-standard","5":"has-post-thumbnail","7":"category-saude"},"jetpack_featured_media_url":"https:\/\/www.paranapraia.com.br\/wp-content\/uploads\/2023\/03\/cemepar-vacinas_monkeypox-14-03-23_13_0_0-scaled.jpg","jetpack_sharing_enabled":true,"_links":{"self":[{"href":"https:\/\/www.paranapraia.com.br\/index.php\/wp-json\/wp\/v2\/posts\/44838"}],"collection":[{"href":"https:\/\/www.paranapraia.com.br\/index.php\/wp-json\/wp\/v2\/posts"}],"about":[{"href":"https:\/\/www.paranapraia.com.br\/index.php\/wp-json\/wp\/v2\/types\/post"}],"author":[{"embeddable":true,"href":"https:\/\/www.paranapraia.com.br\/index.php\/wp-json\/wp\/v2\/users\/2"}],"replies":[{"embeddable":true,"href":"https:\/\/www.paranapraia.com.br\/index.php\/wp-json\/wp\/v2\/comments?post=44838"}],"version-history":[{"count":1,"href":"https:\/\/www.paranapraia.com.br\/index.php\/wp-json\/wp\/v2\/posts\/44838\/revisions"}],"predecessor-version":[{"id":44840,"href":"https:\/\/www.paranapraia.com.br\/index.php\/wp-json\/wp\/v2\/posts\/44838\/revisions\/44840"}],"wp:featuredmedia":[{"embeddable":true,"href":"https:\/\/www.paranapraia.com.br\/index.php\/wp-json\/wp\/v2\/media\/44839"}],"wp:attachment":[{"href":"https:\/\/www.paranapraia.com.br\/index.php\/wp-json\/wp\/v2\/media?parent=44838"}],"wp:term":[{"taxonomy":"category","embeddable":true,"href":"https:\/\/www.paranapraia.com.br\/index.php\/wp-json\/wp\/v2\/categories?post=44838"},{"taxonomy":"post_tag","embeddable":true,"href":"https:\/\/www.paranapraia.com.br\/index.php\/wp-json\/wp\/v2\/tags?post=44838"}],"curies":[{"name":"wp","href":"https:\/\/api.w.org\/{rel}","templated":true}]}}