{"id":44751,"date":"2023-03-17T16:09:00","date_gmt":"2023-03-17T19:09:00","guid":{"rendered":"https:\/\/www.paranapraia.com.br\/?p=44751"},"modified":"2023-03-31T14:37:22","modified_gmt":"2023-03-31T17:37:22","slug":"convocados-pelo-programa-tempo-de-aprender-em-matinhos-devem-comparecer-a-secretaria-de-educacao-na-proxima-segunda","status":"publish","type":"post","link":"https:\/\/www.paranapraia.com.br\/index.php\/2023\/03\/17\/convocados-pelo-programa-tempo-de-aprender-em-matinhos-devem-comparecer-a-secretaria-de-educacao-na-proxima-segunda\/","title":{"rendered":"Convocados pelo programa Tempo de Aprender em Matinhos devem comparecer \u00e0 Secretaria de Educa\u00e7\u00e3o na pr\u00f3xima segunda"},"content":{"rendered":"\n<p>A Prefeitura de Matinhos, por meio da Secretaria Municipal de Educa\u00e7\u00e3o, informa que est\u00e3o convocados os classificados no processo de sele\u00e7\u00e3o do programa Tempo de Aprender. A convoca\u00e7\u00e3o \u00e9 para o cadastro de assistente de alfabetiza\u00e7\u00e3o escolar.<\/p>\n\n\n\n<p> Os aprovados devem comparecer na pr\u00f3xima segunda-feira (20), \u00e0s 14 horas, na sede da pasta de Educa\u00e7\u00e3o.A secretaria lembra que o processo da escolha de vagas acontecer\u00e1 de acordo com a ordem de classifica\u00e7\u00e3o. Para isso, \u00e9 necess\u00e1rio levar os documentos de identifica\u00e7\u00e3o (RG e CPF). <\/p>\n\n\n\n<p>O candidato que n\u00e3o atender \u00e0 convoca\u00e7\u00e3o ser\u00e1 desclassificado, sendo assim feita a convoca\u00e7\u00e3o do pr\u00f3ximo candidato.Ao escolher a vaga, o candidato assinar\u00e1 um termo de compromisso se responsabilizando em cumprir as normas pertinentes \u00e0 fun\u00e7\u00e3o. A sede da Secretaria de Educa\u00e7\u00e3o fica na Rua da Fonte, n.\u00ba 331, no Centro.<\/p>\n\n\n\n<p>Edital dispon\u00edvel para download no portal: <a rel=\"noreferrer noopener\" rd_processing=\"true\" href=\"https:\/\/c.atende.net\/p6414a1debf512?fbclid=IwAR0GQXSdRvdDUQ8AN29xACBwdP9-DbqRIJQPoRUgzkm7-7bgnDDU52-yevI\" target=\"_blank\">https:\/\/c.atende.net\/p6414a1debf512<\/a><\/p>\n\n\n\n<p>Departamento de Comunica\u00e7\u00e3o<\/p>\n\n\n\n<p>Prefeitura de Matinhos<\/p>\n\n\n\n<p><\/p>\n","protected":false},"excerpt":{"rendered":"<p>A Prefeitura de Matinhos, por meio da Secretaria Municipal de Educa\u00e7\u00e3o, informa que est\u00e3o convocados os classificados no processo de sele\u00e7\u00e3o do programa Tempo de Aprender. A convoca\u00e7\u00e3o \u00e9 para o cadastro de assistente de alfabetiza\u00e7\u00e3o escolar. Os aprovados devem comparecer na pr\u00f3xima segunda-feira (20), \u00e0s 14 horas, na sede da pasta de Educa\u00e7\u00e3o.A secretaria [&hellip;]<\/p>\n","protected":false},"author":2,"featured_media":44752,"comment_status":"open","ping_status":"open","sticky":false,"template":"","format":"standard","meta":{"advanced_seo_description":"","jetpack_seo_html_title":"","jetpack_seo_noindex":false,"_jetpack_memberships_contains_paid_content":false,"footnotes":""},"categories":[88],"tags":[],"class_list":{"0":"post-44751","1":"post","2":"type-post","3":"status-publish","4":"format-standard","5":"has-post-thumbnail","7":"category-matinhos"},"jetpack_featured_media_url":"https:\/\/www.paranapraia.com.br\/wp-content\/uploads\/2023\/03\/336537445_770396457835759_2442303741882421096_n.png","jetpack_sharing_enabled":true,"_links":{"self":[{"href":"https:\/\/www.paranapraia.com.br\/index.php\/wp-json\/wp\/v2\/posts\/44751"}],"collection":[{"href":"https:\/\/www.paranapraia.com.br\/index.php\/wp-json\/wp\/v2\/posts"}],"about":[{"href":"https:\/\/www.paranapraia.com.br\/index.php\/wp-json\/wp\/v2\/types\/post"}],"author":[{"embeddable":true,"href":"https:\/\/www.paranapraia.com.br\/index.php\/wp-json\/wp\/v2\/users\/2"}],"replies":[{"embeddable":true,"href":"https:\/\/www.paranapraia.com.br\/index.php\/wp-json\/wp\/v2\/comments?post=44751"}],"version-history":[{"count":1,"href":"https:\/\/www.paranapraia.com.br\/index.php\/wp-json\/wp\/v2\/posts\/44751\/revisions"}],"predecessor-version":[{"id":44753,"href":"https:\/\/www.paranapraia.com.br\/index.php\/wp-json\/wp\/v2\/posts\/44751\/revisions\/44753"}],"wp:featuredmedia":[{"embeddable":true,"href":"https:\/\/www.paranapraia.com.br\/index.php\/wp-json\/wp\/v2\/media\/44752"}],"wp:attachment":[{"href":"https:\/\/www.paranapraia.com.br\/index.php\/wp-json\/wp\/v2\/media?parent=44751"}],"wp:term":[{"taxonomy":"category","embeddable":true,"href":"https:\/\/www.paranapraia.com.br\/index.php\/wp-json\/wp\/v2\/categories?post=44751"},{"taxonomy":"post_tag","embeddable":true,"href":"https:\/\/www.paranapraia.com.br\/index.php\/wp-json\/wp\/v2\/tags?post=44751"}],"curies":[{"name":"wp","href":"https:\/\/api.w.org\/{rel}","templated":true}]}}