{"id":44731,"date":"2023-03-17T12:10:17","date_gmt":"2023-03-17T15:10:17","guid":{"rendered":"https:\/\/www.paranapraia.com.br\/?p=44731"},"modified":"2023-03-17T12:10:17","modified_gmt":"2023-03-17T15:10:17","slug":"referencia-no-brasil-porto-de-paranagua-celebra-88-anos-com-foco-no-futuro","status":"publish","type":"post","link":"https:\/\/www.paranapraia.com.br\/index.php\/2023\/03\/17\/referencia-no-brasil-porto-de-paranagua-celebra-88-anos-com-foco-no-futuro\/","title":{"rendered":"Refer\u00eancia no Brasil, Porto de Paranagu\u00e1 celebra 88 anos com foco no futuro"},"content":{"rendered":"\n<p>O Porto de Paranagu\u00e1 completa 88 anos nesta sexta-feira (17) e&nbsp;segue como refer\u00eancia no Brasil, de olho no futuro para avan\u00e7ar como hub log\u00edstico da Am\u00e9rica do Sul. Para isso, a empresa p\u00fablica paranaense aposta em grandes obras que v\u00e3o ampliar a capacidade de movimenta\u00e7\u00e3o de cargas e atrair novos investimentos, que v\u00e3o gerar emprego e renda para o Litoral do Estado.<\/p>\n\n\n\n<p>Entre as grandes obras em andamento est\u00e1 o Projeto Cais Leste \u2013 Moeg\u00e3o. Em fevereiro, o governador Ratinho Junior anunciou as obras da&nbsp;nova moega ferrovi\u00e1ria.&nbsp;Com um investimento de R$ 592 milh\u00f5es, o projeto vai centralizar a descarga dos trens que chegam ao Porto de Paranagu\u00e1, ampliar a participa\u00e7\u00e3o do modal ferrovi\u00e1rio e foca no futuro da log\u00edstica no Estado e no cen\u00e1rio nacional.<\/p>\n\n\n\n<p>A empresa p\u00fablica Portos do Paran\u00e1 tamb\u00e9m se prepara para levar a leil\u00e3o em 2023 quatro \u00e1reas.&nbsp;&nbsp;A PAR09, de&nbsp;26.576 metros quadrados, \u00e9 destinada \u00e0&nbsp;movimenta\u00e7\u00e3o e armazenagem de gran\u00e9is s\u00f3lidos vegetais.&nbsp;Localizadas a leste, a PAR14 (49.841 metros quadrados) e a PAR15 (38.859 metros quadrados) s\u00e3o destinadas \u00e0 movimenta\u00e7\u00e3o e armazenagem de gran\u00e9is s\u00f3lidos vegetais.&nbsp;<\/p>\n\n\n\n<p>A&nbsp;PAR 03, ainda em fase de estudo, de 38 mil metros quadrados, ser\u00e1 destinada \u00e0 movimenta\u00e7\u00e3o e armazenagem de gran\u00e9is s\u00f3lidos minerais, principalmente fertilizantes.&nbsp;Com novos arrendamentos, os investimentos privados j\u00e1 previstos pela autoridade portu\u00e1ria podem chegar a R$ 3 bilh\u00f5es nos pr\u00f3ximos anos.<\/p>\n\n\n\n<p>Esse movimento se traduz em resultados. Em 2022, uma nova marca hist\u00f3rica foi superada, com a movimenta\u00e7\u00e3o de 58,3 milh\u00f5es de toneladas de cargas. O reconhecimento tamb\u00e9m vem com pr\u00eamios e convites: melhor gest\u00e3o portu\u00e1ria do Pa\u00eds, no&nbsp;<strong><a href=\"https:\/\/www.aen.pr.gov.br\/Noticia\/Parana-tem-melhor-gestao-portuaria-do-Brasil-pelo-terceiro-ano-seguido\" target=\"_blank\" rel=\"noreferrer noopener\">Pr\u00eamio Portos+Brasil<\/a><\/strong>, e \u00fanica autoridade portu\u00e1ria do mundo a ser convidada a participar da&nbsp;<strong><a href=\"https:\/\/www.aen.pr.gov.br\/Noticia\/Portos-do-Parana-e-unica-autoridade-portuaria-do-mundo-palestrar-na-COP27\" target=\"_blank\" rel=\"noreferrer noopener\">Confer\u00eancia do Clima da ONU (COP-27)<\/a><\/strong>.<\/p>\n\n\n\n<p>Na \u00e1rea ambiental, a empresa p\u00fablica foi premiada pela Ag\u00eancia Nacional de Transportes Aquavi\u00e1rios (Antaq) com 1\u00ba lugar em Conformidade Regulat\u00f3ria e o porto p\u00fablico de grande porte melhor avaliado do Pa\u00eds no \u00edndice de desempenho ambiental.<\/p>\n\n\n\n<p>O diretor-presidente da Portos do Paran\u00e1, Luiz Fernando Garcia, destaca que os resultados s\u00e3o fruto do trabalho pensando em um porto competitivo. \u201cPara crescer de forma sustent\u00e1vel, nosso planejamento \u00e9 pensado a m\u00e9dio e longo prazo\u201d, afirma. \u201c\u00c9 dessa forma que conseguimos manter o porto eficiente e atrativo, com grandes investimentos e projetos projetando os pr\u00f3ximos anos\u201d.<\/p>\n\n\n\n<p><strong>COMEMORA\u00c7\u00d5ES<\/strong>&nbsp;\u2013&nbsp;Dois eventos est\u00e3o programados para o s\u00e1bado (18) em alus\u00e3o ao anivers\u00e1rio do Porto de Paranagu\u00e1. \u00c0s 8h30, acontece o&nbsp;1\u00ba passeio cicl\u00edstico Porto Cidade; e \u00e0s 16h, a Esquadrilha da Fuma\u00e7a far\u00e1 uma apresenta\u00e7\u00e3o especial com sete aeronaves. A \u00faltima vez que o grupo de pilotos esteve na cidade foi em 2006.<\/p>\n\n\n\n<p>Para celebrar os 88 anos, a Portos do Paran\u00e1 elaborou uma nova campanha. A produ\u00e7\u00e3o destaca o orgulho do porto de todos os paranaenses.\u00a0Os materiais foram produzidos em parceria com a Secretaria de Estado da Comunica\u00e7\u00e3o.\u00a0As pe\u00e7as mostram que mais do que movimentar cargas, o porto interliga a vida de muitas pessoas.<\/p>\n\n\n\n<p>AEN<\/p>\n","protected":false},"excerpt":{"rendered":"<p>O Porto de Paranagu\u00e1 completa 88 anos nesta sexta-feira (17) e&nbsp;segue como refer\u00eancia no Brasil, de olho no futuro para avan\u00e7ar como hub log\u00edstico da Am\u00e9rica do Sul. Para isso, a empresa p\u00fablica paranaense aposta em grandes obras que v\u00e3o ampliar a capacidade de movimenta\u00e7\u00e3o de cargas e atrair novos investimentos, que v\u00e3o gerar emprego [&hellip;]<\/p>\n","protected":false},"author":2,"featured_media":44732,"comment_status":"open","ping_status":"open","sticky":false,"template":"","format":"standard","meta":{"advanced_seo_description":"","jetpack_seo_html_title":"","jetpack_seo_noindex":false,"_jetpack_memberships_contains_paid_content":false,"footnotes":""},"categories":[40],"tags":[],"class_list":{"0":"post-44731","1":"post","2":"type-post","3":"status-publish","4":"format-standard","5":"has-post-thumbnail","7":"category-destaques"},"jetpack_featured_media_url":"https:\/\/www.paranapraia.com.br\/wp-content\/uploads\/2023\/03\/app5013.jpg-a_-_300_dpi.psd_-_refeita-scaled.jpg","jetpack_sharing_enabled":true,"_links":{"self":[{"href":"https:\/\/www.paranapraia.com.br\/index.php\/wp-json\/wp\/v2\/posts\/44731"}],"collection":[{"href":"https:\/\/www.paranapraia.com.br\/index.php\/wp-json\/wp\/v2\/posts"}],"about":[{"href":"https:\/\/www.paranapraia.com.br\/index.php\/wp-json\/wp\/v2\/types\/post"}],"author":[{"embeddable":true,"href":"https:\/\/www.paranapraia.com.br\/index.php\/wp-json\/wp\/v2\/users\/2"}],"replies":[{"embeddable":true,"href":"https:\/\/www.paranapraia.com.br\/index.php\/wp-json\/wp\/v2\/comments?post=44731"}],"version-history":[{"count":1,"href":"https:\/\/www.paranapraia.com.br\/index.php\/wp-json\/wp\/v2\/posts\/44731\/revisions"}],"predecessor-version":[{"id":44733,"href":"https:\/\/www.paranapraia.com.br\/index.php\/wp-json\/wp\/v2\/posts\/44731\/revisions\/44733"}],"wp:featuredmedia":[{"embeddable":true,"href":"https:\/\/www.paranapraia.com.br\/index.php\/wp-json\/wp\/v2\/media\/44732"}],"wp:attachment":[{"href":"https:\/\/www.paranapraia.com.br\/index.php\/wp-json\/wp\/v2\/media?parent=44731"}],"wp:term":[{"taxonomy":"category","embeddable":true,"href":"https:\/\/www.paranapraia.com.br\/index.php\/wp-json\/wp\/v2\/categories?post=44731"},{"taxonomy":"post_tag","embeddable":true,"href":"https:\/\/www.paranapraia.com.br\/index.php\/wp-json\/wp\/v2\/tags?post=44731"}],"curies":[{"name":"wp","href":"https:\/\/api.w.org\/{rel}","templated":true}]}}