{"id":44728,"date":"2023-03-16T19:51:19","date_gmt":"2023-03-16T22:51:19","guid":{"rendered":"https:\/\/www.paranapraia.com.br\/?p=44728"},"modified":"2023-03-16T19:51:20","modified_gmt":"2023-03-16T22:51:20","slug":"com-melhora-do-clima-der-pr-deve-reabrir-a-estrada-da-graciosa-nesta-sexta-feira","status":"publish","type":"post","link":"https:\/\/www.paranapraia.com.br\/index.php\/2023\/03\/16\/com-melhora-do-clima-der-pr-deve-reabrir-a-estrada-da-graciosa-nesta-sexta-feira\/","title":{"rendered":"Com melhora do clima, DER\/PR deve reabrir a Estrada da Graciosa nesta sexta-feira"},"content":{"rendered":"\n<p>Ap\u00f3s monitoramento dos n\u00edveis pluviom\u00e9tricos mais recentes, e com base na previs\u00e3o meteorol\u00f3gica dos pr\u00f3ximos dias, que indicam poucas chuvas, o Departamento de Estradas de Rodagem do Paran\u00e1 (DER\/PR) volta a reabrir a Estrada da Graciosa nesta sexta-feira (17) ao meio-dia.<\/p>\n\n\n\n<p>No in\u00edcio da manh\u00e3 a equipe de Conserva\u00e7\u00e3o de Faixa de Dom\u00ednio do DER\/PR realizar\u00e1 a limpeza do sistema de drenagem da rodovia, garantindo o adequado escoamento da \u00e1gua das chuvas que est\u00e1 descendo a Serra da Graciosa.<\/p>\n\n\n\n<p>Os dispositivos, em sua maioria sarjetas de concreto ao lado das pistas, tamb\u00e9m foram atingidos pelos escorregamentos recentes, apresentando ac\u00famulo de terra e vegeta\u00e7\u00e3o.<\/p>\n\n\n\n<p>O DER\/PR permanece monitorando a pluviometria do trecho, com novas interdi\u00e7\u00f5es sendo realizadas em dias de chuvas intensas ou ap\u00f3s v\u00e1rios dias de chuvas ininterruptas. A medida tem car\u00e1ter preventivo, visando garantir a seguran\u00e7a de usu\u00e1rios da via, uma vez que os recentes escorregamentos de terra foram registrados em ocasi\u00f5es semelhantes.<\/p>\n\n\n\n<p><strong>OBRAS<\/strong>\u00a0\u2013 A rodovia est\u00e1 em obras ap\u00f3s ser atingida por escorregamentos de terra no final do ano passado e tamb\u00e9m em janeiro. Foram registrados danos inicialmente no km 7, km 8 e km 12, e depois tamb\u00e9m no km 11.\u00a0A perspectiva do DER\/PR \u00e9 de concluir a maioria dos servi\u00e7os de conten\u00e7\u00e3o at\u00e9 maio, com as condi\u00e7\u00f5es clim\u00e1ticas podendo prolongar esse prazo.<\/p>\n\n\n\n<p>AEN<\/p>\n","protected":false},"excerpt":{"rendered":"<p>Ap\u00f3s monitoramento dos n\u00edveis pluviom\u00e9tricos mais recentes, e com base na previs\u00e3o meteorol\u00f3gica dos pr\u00f3ximos dias, que indicam poucas chuvas, o Departamento de Estradas de Rodagem do Paran\u00e1 (DER\/PR) volta a reabrir a Estrada da Graciosa nesta sexta-feira (17) ao meio-dia. No in\u00edcio da manh\u00e3 a equipe de Conserva\u00e7\u00e3o de Faixa de Dom\u00ednio do DER\/PR [&hellip;]<\/p>\n","protected":false},"author":2,"featured_media":44729,"comment_status":"open","ping_status":"open","sticky":false,"template":"","format":"standard","meta":{"advanced_seo_description":"","jetpack_seo_html_title":"","jetpack_seo_noindex":false,"_jetpack_memberships_contains_paid_content":false,"footnotes":""},"categories":[40],"tags":[],"class_list":{"0":"post-44728","1":"post","2":"type-post","3":"status-publish","4":"format-standard","5":"has-post-thumbnail","7":"category-destaques"},"jetpack_featured_media_url":"https:\/\/www.paranapraia.com.br\/wp-content\/uploads\/2023\/03\/drenagem_graciosa_16.02.23_1.jpg","jetpack_sharing_enabled":true,"_links":{"self":[{"href":"https:\/\/www.paranapraia.com.br\/index.php\/wp-json\/wp\/v2\/posts\/44728"}],"collection":[{"href":"https:\/\/www.paranapraia.com.br\/index.php\/wp-json\/wp\/v2\/posts"}],"about":[{"href":"https:\/\/www.paranapraia.com.br\/index.php\/wp-json\/wp\/v2\/types\/post"}],"author":[{"embeddable":true,"href":"https:\/\/www.paranapraia.com.br\/index.php\/wp-json\/wp\/v2\/users\/2"}],"replies":[{"embeddable":true,"href":"https:\/\/www.paranapraia.com.br\/index.php\/wp-json\/wp\/v2\/comments?post=44728"}],"version-history":[{"count":1,"href":"https:\/\/www.paranapraia.com.br\/index.php\/wp-json\/wp\/v2\/posts\/44728\/revisions"}],"predecessor-version":[{"id":44730,"href":"https:\/\/www.paranapraia.com.br\/index.php\/wp-json\/wp\/v2\/posts\/44728\/revisions\/44730"}],"wp:featuredmedia":[{"embeddable":true,"href":"https:\/\/www.paranapraia.com.br\/index.php\/wp-json\/wp\/v2\/media\/44729"}],"wp:attachment":[{"href":"https:\/\/www.paranapraia.com.br\/index.php\/wp-json\/wp\/v2\/media?parent=44728"}],"wp:term":[{"taxonomy":"category","embeddable":true,"href":"https:\/\/www.paranapraia.com.br\/index.php\/wp-json\/wp\/v2\/categories?post=44728"},{"taxonomy":"post_tag","embeddable":true,"href":"https:\/\/www.paranapraia.com.br\/index.php\/wp-json\/wp\/v2\/tags?post=44728"}],"curies":[{"name":"wp","href":"https:\/\/api.w.org\/{rel}","templated":true}]}}