{"id":44712,"date":"2023-03-16T10:32:47","date_gmt":"2023-03-16T13:32:47","guid":{"rendered":"https:\/\/www.paranapraia.com.br\/?p=44712"},"modified":"2023-03-16T10:32:48","modified_gmt":"2023-03-16T13:32:48","slug":"prefeitura-e-ufpr-litoral-iniciam-conversas-sobre-parceria-para-contraturno-escolar-em-matinhos","status":"publish","type":"post","link":"https:\/\/www.paranapraia.com.br\/index.php\/2023\/03\/16\/prefeitura-e-ufpr-litoral-iniciam-conversas-sobre-parceria-para-contraturno-escolar-em-matinhos\/","title":{"rendered":"Prefeitura e UFPR Litoral iniciam conversas sobre parceria para contraturno escolar em Matinhos"},"content":{"rendered":"\n<p>O prefeito Z\u00e9 da Ecler e a equipe da Secretaria de Educa\u00e7\u00e3o estiveram nesta ter\u00e7a-feira (14) na UFPR Litoral. Eles trataram com a diretora do setor Litoral da UFPR, Elisiane Tiepolo, sobre uma parceria entre a universidade e a Administra\u00e7\u00e3o Municipal.<\/p>\n\n\n\n<figure class=\"wp-block-gallery columns-1 is-cropped wp-block-gallery-1 is-layout-flex wp-block-gallery-is-layout-flex\"><ul class=\"blocks-gallery-grid\"><li class=\"blocks-gallery-item\"><figure><img loading=\"lazy\" decoding=\"async\" width=\"1024\" height=\"768\" src=\"https:\/\/www.paranapraia.com.br\/wp-content\/uploads\/2023\/03\/FB_IMG_1678973415754-1024x768.jpg\" alt=\"\" data-id=\"44714\" data-full-url=\"https:\/\/www.paranapraia.com.br\/wp-content\/uploads\/2023\/03\/FB_IMG_1678973415754.jpg\" data-link=\"https:\/\/www.paranapraia.com.br\/?attachment_id=44714\" class=\"wp-image-44714\" srcset=\"https:\/\/www.paranapraia.com.br\/wp-content\/uploads\/2023\/03\/FB_IMG_1678973415754-1024x768.jpg 1024w, https:\/\/www.paranapraia.com.br\/wp-content\/uploads\/2023\/03\/FB_IMG_1678973415754-300x225.jpg 300w, https:\/\/www.paranapraia.com.br\/wp-content\/uploads\/2023\/03\/FB_IMG_1678973415754-768x576.jpg 768w, https:\/\/www.paranapraia.com.br\/wp-content\/uploads\/2023\/03\/FB_IMG_1678973415754-80x60.jpg 80w, https:\/\/www.paranapraia.com.br\/wp-content\/uploads\/2023\/03\/FB_IMG_1678973415754-265x198.jpg 265w, https:\/\/www.paranapraia.com.br\/wp-content\/uploads\/2023\/03\/FB_IMG_1678973415754-696x522.jpg 696w, https:\/\/www.paranapraia.com.br\/wp-content\/uploads\/2023\/03\/FB_IMG_1678973415754-1068x801.jpg 1068w, https:\/\/www.paranapraia.com.br\/wp-content\/uploads\/2023\/03\/FB_IMG_1678973415754-560x420.jpg 560w, https:\/\/www.paranapraia.com.br\/wp-content\/uploads\/2023\/03\/FB_IMG_1678973415754.jpg 1080w\" sizes=\"(max-width: 1024px) 100vw, 1024px\" \/><\/figure><\/li><li class=\"blocks-gallery-item\"><figure><img loading=\"lazy\" decoding=\"async\" width=\"1024\" height=\"1024\" src=\"https:\/\/www.paranapraia.com.br\/wp-content\/uploads\/2023\/03\/FB_IMG_1678973421789-1024x1024.jpg\" alt=\"\" data-id=\"44715\" data-full-url=\"https:\/\/www.paranapraia.com.br\/wp-content\/uploads\/2023\/03\/FB_IMG_1678973421789.jpg\" data-link=\"https:\/\/www.paranapraia.com.br\/?attachment_id=44715\" class=\"wp-image-44715\" srcset=\"https:\/\/www.paranapraia.com.br\/wp-content\/uploads\/2023\/03\/FB_IMG_1678973421789-1024x1024.jpg 1024w, https:\/\/www.paranapraia.com.br\/wp-content\/uploads\/2023\/03\/FB_IMG_1678973421789-300x300.jpg 300w, https:\/\/www.paranapraia.com.br\/wp-content\/uploads\/2023\/03\/FB_IMG_1678973421789-150x150.jpg 150w, https:\/\/www.paranapraia.com.br\/wp-content\/uploads\/2023\/03\/FB_IMG_1678973421789-768x768.jpg 768w, https:\/\/www.paranapraia.com.br\/wp-content\/uploads\/2023\/03\/FB_IMG_1678973421789-696x696.jpg 696w, https:\/\/www.paranapraia.com.br\/wp-content\/uploads\/2023\/03\/FB_IMG_1678973421789-1068x1068.jpg 1068w, https:\/\/www.paranapraia.com.br\/wp-content\/uploads\/2023\/03\/FB_IMG_1678973421789-420x420.jpg 420w, https:\/\/www.paranapraia.com.br\/wp-content\/uploads\/2023\/03\/FB_IMG_1678973421789.jpg 1080w\" sizes=\"(max-width: 1024px) 100vw, 1024px\" \/><\/figure><\/li><li class=\"blocks-gallery-item\"><figure><img loading=\"lazy\" decoding=\"async\" width=\"1024\" height=\"1024\" src=\"https:\/\/www.paranapraia.com.br\/wp-content\/uploads\/2023\/03\/FB_IMG_1678973425438-1024x1024.jpg\" alt=\"\" data-id=\"44716\" data-full-url=\"https:\/\/www.paranapraia.com.br\/wp-content\/uploads\/2023\/03\/FB_IMG_1678973425438.jpg\" data-link=\"https:\/\/www.paranapraia.com.br\/?attachment_id=44716\" class=\"wp-image-44716\" srcset=\"https:\/\/www.paranapraia.com.br\/wp-content\/uploads\/2023\/03\/FB_IMG_1678973425438-1024x1024.jpg 1024w, https:\/\/www.paranapraia.com.br\/wp-content\/uploads\/2023\/03\/FB_IMG_1678973425438-300x300.jpg 300w, https:\/\/www.paranapraia.com.br\/wp-content\/uploads\/2023\/03\/FB_IMG_1678973425438-150x150.jpg 150w, https:\/\/www.paranapraia.com.br\/wp-content\/uploads\/2023\/03\/FB_IMG_1678973425438-768x768.jpg 768w, https:\/\/www.paranapraia.com.br\/wp-content\/uploads\/2023\/03\/FB_IMG_1678973425438-696x696.jpg 696w, https:\/\/www.paranapraia.com.br\/wp-content\/uploads\/2023\/03\/FB_IMG_1678973425438-1068x1068.jpg 1068w, https:\/\/www.paranapraia.com.br\/wp-content\/uploads\/2023\/03\/FB_IMG_1678973425438-420x420.jpg 420w, https:\/\/www.paranapraia.com.br\/wp-content\/uploads\/2023\/03\/FB_IMG_1678973425438.jpg 1080w\" sizes=\"(max-width: 1024px) 100vw, 1024px\" \/><\/figure><\/li><li class=\"blocks-gallery-item\"><figure><img loading=\"lazy\" decoding=\"async\" width=\"1024\" height=\"1024\" src=\"https:\/\/www.paranapraia.com.br\/wp-content\/uploads\/2023\/03\/FB_IMG_1678973435691-1024x1024.jpg\" alt=\"\" data-id=\"44717\" data-full-url=\"https:\/\/www.paranapraia.com.br\/wp-content\/uploads\/2023\/03\/FB_IMG_1678973435691.jpg\" data-link=\"https:\/\/www.paranapraia.com.br\/?attachment_id=44717\" class=\"wp-image-44717\" srcset=\"https:\/\/www.paranapraia.com.br\/wp-content\/uploads\/2023\/03\/FB_IMG_1678973435691-1024x1024.jpg 1024w, https:\/\/www.paranapraia.com.br\/wp-content\/uploads\/2023\/03\/FB_IMG_1678973435691-300x300.jpg 300w, https:\/\/www.paranapraia.com.br\/wp-content\/uploads\/2023\/03\/FB_IMG_1678973435691-150x150.jpg 150w, https:\/\/www.paranapraia.com.br\/wp-content\/uploads\/2023\/03\/FB_IMG_1678973435691-768x768.jpg 768w, https:\/\/www.paranapraia.com.br\/wp-content\/uploads\/2023\/03\/FB_IMG_1678973435691-696x696.jpg 696w, https:\/\/www.paranapraia.com.br\/wp-content\/uploads\/2023\/03\/FB_IMG_1678973435691-1068x1068.jpg 1068w, https:\/\/www.paranapraia.com.br\/wp-content\/uploads\/2023\/03\/FB_IMG_1678973435691-420x420.jpg 420w, https:\/\/www.paranapraia.com.br\/wp-content\/uploads\/2023\/03\/FB_IMG_1678973435691.jpg 1080w\" sizes=\"(max-width: 1024px) 100vw, 1024px\" \/><\/figure><\/li><li class=\"blocks-gallery-item\"><figure><img loading=\"lazy\" decoding=\"async\" width=\"1024\" height=\"768\" src=\"https:\/\/www.paranapraia.com.br\/wp-content\/uploads\/2023\/03\/FB_IMG_1678973427939-1024x768.jpg\" alt=\"\" data-id=\"44718\" data-full-url=\"https:\/\/www.paranapraia.com.br\/wp-content\/uploads\/2023\/03\/FB_IMG_1678973427939.jpg\" data-link=\"https:\/\/www.paranapraia.com.br\/?attachment_id=44718\" class=\"wp-image-44718\" srcset=\"https:\/\/www.paranapraia.com.br\/wp-content\/uploads\/2023\/03\/FB_IMG_1678973427939-1024x768.jpg 1024w, https:\/\/www.paranapraia.com.br\/wp-content\/uploads\/2023\/03\/FB_IMG_1678973427939-300x225.jpg 300w, https:\/\/www.paranapraia.com.br\/wp-content\/uploads\/2023\/03\/FB_IMG_1678973427939-768x576.jpg 768w, https:\/\/www.paranapraia.com.br\/wp-content\/uploads\/2023\/03\/FB_IMG_1678973427939-80x60.jpg 80w, https:\/\/www.paranapraia.com.br\/wp-content\/uploads\/2023\/03\/FB_IMG_1678973427939-265x198.jpg 265w, https:\/\/www.paranapraia.com.br\/wp-content\/uploads\/2023\/03\/FB_IMG_1678973427939-696x522.jpg 696w, https:\/\/www.paranapraia.com.br\/wp-content\/uploads\/2023\/03\/FB_IMG_1678973427939-1068x801.jpg 1068w, https:\/\/www.paranapraia.com.br\/wp-content\/uploads\/2023\/03\/FB_IMG_1678973427939-560x420.jpg 560w, https:\/\/www.paranapraia.com.br\/wp-content\/uploads\/2023\/03\/FB_IMG_1678973427939.jpg 1080w\" sizes=\"(max-width: 1024px) 100vw, 1024px\" \/><\/figure><\/li><li class=\"blocks-gallery-item\"><figure><img loading=\"lazy\" decoding=\"async\" width=\"1024\" height=\"768\" src=\"https:\/\/www.paranapraia.com.br\/wp-content\/uploads\/2023\/03\/FB_IMG_1678973441121-1024x768.jpg\" alt=\"\" data-id=\"44719\" data-full-url=\"https:\/\/www.paranapraia.com.br\/wp-content\/uploads\/2023\/03\/FB_IMG_1678973441121.jpg\" data-link=\"https:\/\/www.paranapraia.com.br\/?attachment_id=44719\" class=\"wp-image-44719\" srcset=\"https:\/\/www.paranapraia.com.br\/wp-content\/uploads\/2023\/03\/FB_IMG_1678973441121-1024x768.jpg 1024w, https:\/\/www.paranapraia.com.br\/wp-content\/uploads\/2023\/03\/FB_IMG_1678973441121-300x225.jpg 300w, https:\/\/www.paranapraia.com.br\/wp-content\/uploads\/2023\/03\/FB_IMG_1678973441121-768x576.jpg 768w, https:\/\/www.paranapraia.com.br\/wp-content\/uploads\/2023\/03\/FB_IMG_1678973441121-80x60.jpg 80w, https:\/\/www.paranapraia.com.br\/wp-content\/uploads\/2023\/03\/FB_IMG_1678973441121-265x198.jpg 265w, https:\/\/www.paranapraia.com.br\/wp-content\/uploads\/2023\/03\/FB_IMG_1678973441121-696x522.jpg 696w, https:\/\/www.paranapraia.com.br\/wp-content\/uploads\/2023\/03\/FB_IMG_1678973441121-1068x801.jpg 1068w, https:\/\/www.paranapraia.com.br\/wp-content\/uploads\/2023\/03\/FB_IMG_1678973441121-560x420.jpg 560w, https:\/\/www.paranapraia.com.br\/wp-content\/uploads\/2023\/03\/FB_IMG_1678973441121.jpg 1080w\" sizes=\"(max-width: 1024px) 100vw, 1024px\" \/><\/figure><\/li><\/ul><\/figure>\n\n\n\n<p>Num primeiro momento, as conversas s\u00e3o para levantar as quest\u00f5es de espa\u00e7o e infraestrutura para que sejam reatados os processos de contraturno escolar. Ap\u00f3s a reuni\u00e3o, a equipe de Educa\u00e7\u00e3o do Munic\u00edpio foi guiada em uma visita \u00e0s instala\u00e7\u00f5es da universidade.<\/p>\n\n\n\n<p>&#8220;Pensamos em reunir hoje a nossa equipe de trabalho com os integrantes da Prefeitura de Matinhos para podermos ver e analisar todas as possibilidades. A ideia \u00e9 que n\u00f3s possamos pensar juntos esta articula\u00e7\u00e3o entre a Prefeitura e a UFPR&#8221;, explicou Elisiane Tiepolo durante a reuni\u00e3o.<\/p>\n\n\n\n<p>&#8220;Vamos montar um plano de trabalho depois de acertarmos o que ser\u00e1 oferecido pela UFPR. E vamos ajudar a manter a estrutura. \u00c9 preciso destacar que n\u00e3o ser\u00e1 simplesmente um &#8220;dep\u00f3sito de alunos&#8221; no contraturno. Eles ter\u00e3o atividades coordenadas e toda a estrutura \u00e0 disposi\u00e7\u00e3o&#8221;, disse o secret\u00e1rio M\u00e1rio Braga.<\/p>\n\n\n\n<p>&#8220;Nosso objetivo \u00e9 transformar esse em um espa\u00e7o em que as crian\u00e7as queiram estar quando n\u00e3o est\u00e3o na escola&#8221;, completou.<\/p>\n\n\n\n<p>&#8220;A gest\u00e3o est\u00e1 aqui para ajudar e para ser ajudada pela UFPR. Depois de muito tempo, Prefeitura e Universidade Federal voltam a ser parceiras. E que as crian\u00e7as de Matinhos consigam tirar um bom proveito de tudo isso. A Secretaria de Educa\u00e7\u00e3o est\u00e1 \u00e0 frente dessa iniciativa. Eu saio daqui da UFPR cheio de alegria por saber da prioridade que vem sendo dada \u00e0s nossas crian\u00e7as&#8221;, disse Z\u00e9 da Ecler.<\/p>\n\n\n\n<p>Al\u00e9m do prefeito e do secret\u00e1rio, estiveram na UFPR nesta ter\u00e7a o diretor de Educa\u00e7\u00e3o, Alzino Neto; o diretor de Manuten\u00e7\u00e3o da Secretaria de Educa\u00e7\u00e3o, Fabiano Biscaia, a diretora pedag\u00f3gica da Secretaria de Educa\u00e7\u00e3o, Juliana Niesborski; a professora N\u00e1dia Regina Mendes; o chefe da Frota da Secretaria de Educa\u00e7\u00e3o, Everton Mesquita; o diretor jur\u00eddico-administrativo da Procuradoria, Leandro Neckel; e o diretor administrativo da Procuradoria, Murilo Mendes.<\/p>\n\n\n\n<p>Departamento de Comunica\u00e7\u00e3o<br>Prefeitura de Matinhos<\/p>\n\n\n\n<p><\/p>\n","protected":false},"excerpt":{"rendered":"<p>O prefeito Z\u00e9 da Ecler e a equipe da Secretaria de Educa\u00e7\u00e3o estiveram nesta ter\u00e7a-feira (14) na UFPR Litoral. Eles trataram com a diretora do setor Litoral da UFPR, Elisiane Tiepolo, sobre uma parceria entre a universidade e a Administra\u00e7\u00e3o Municipal. Num primeiro momento, as conversas s\u00e3o para levantar as quest\u00f5es de espa\u00e7o e infraestrutura [&hellip;]<\/p>\n","protected":false},"author":2,"featured_media":44713,"comment_status":"open","ping_status":"open","sticky":false,"template":"","format":"standard","meta":{"advanced_seo_description":"","jetpack_seo_html_title":"","jetpack_seo_noindex":false,"_jetpack_memberships_contains_paid_content":false,"footnotes":""},"categories":[88],"tags":[],"class_list":{"0":"post-44712","1":"post","2":"type-post","3":"status-publish","4":"format-standard","5":"has-post-thumbnail","7":"category-matinhos"},"jetpack_featured_media_url":"https:\/\/www.paranapraia.com.br\/wp-content\/uploads\/2023\/03\/FB_IMG_1678973412338.jpg","jetpack_sharing_enabled":true,"_links":{"self":[{"href":"https:\/\/www.paranapraia.com.br\/index.php\/wp-json\/wp\/v2\/posts\/44712"}],"collection":[{"href":"https:\/\/www.paranapraia.com.br\/index.php\/wp-json\/wp\/v2\/posts"}],"about":[{"href":"https:\/\/www.paranapraia.com.br\/index.php\/wp-json\/wp\/v2\/types\/post"}],"author":[{"embeddable":true,"href":"https:\/\/www.paranapraia.com.br\/index.php\/wp-json\/wp\/v2\/users\/2"}],"replies":[{"embeddable":true,"href":"https:\/\/www.paranapraia.com.br\/index.php\/wp-json\/wp\/v2\/comments?post=44712"}],"version-history":[{"count":1,"href":"https:\/\/www.paranapraia.com.br\/index.php\/wp-json\/wp\/v2\/posts\/44712\/revisions"}],"predecessor-version":[{"id":44720,"href":"https:\/\/www.paranapraia.com.br\/index.php\/wp-json\/wp\/v2\/posts\/44712\/revisions\/44720"}],"wp:featuredmedia":[{"embeddable":true,"href":"https:\/\/www.paranapraia.com.br\/index.php\/wp-json\/wp\/v2\/media\/44713"}],"wp:attachment":[{"href":"https:\/\/www.paranapraia.com.br\/index.php\/wp-json\/wp\/v2\/media?parent=44712"}],"wp:term":[{"taxonomy":"category","embeddable":true,"href":"https:\/\/www.paranapraia.com.br\/index.php\/wp-json\/wp\/v2\/categories?post=44712"},{"taxonomy":"post_tag","embeddable":true,"href":"https:\/\/www.paranapraia.com.br\/index.php\/wp-json\/wp\/v2\/tags?post=44712"}],"curies":[{"name":"wp","href":"https:\/\/api.w.org\/{rel}","templated":true}]}}